{"id":17295,"date":"2022-09-15T09:38:36","date_gmt":"2022-09-15T12:38:36","guid":{"rendered":"https:\/\/cndl.org.br\/varejosa\/?p=17295"},"modified":"2024-02-04T15:49:15","modified_gmt":"2024-02-04T18:49:15","slug":"tempo-medio-para-abrir-empresa-cai-78-desde-2019-mostra-ministerio-da-economia","status":"publish","type":"post","link":"https:\/\/cndl.org.br\/varejosa\/tempo-medio-para-abrir-empresa-cai-78-desde-2019-mostra-ministerio-da-economia\/","title":{"rendered":"Tempo m\u00e9dio para abrir empresa cai 78% desde 2019, mostra Minist\u00e9rio da Economia"},"content":{"rendered":"\n<p><em>Em janeiro deste ano, abertura de novos neg\u00f3cios levava, em m\u00e9dia, 2 dias e 7 horas; em agosto, tempo foi reduzido para 23 horas<\/em><\/p>\n\n\n\n<p>O tempo m\u00e9dio gasto para abrir uma empresa no pa\u00eds caiu 78,3% de agosto de 2019 para o mesmo per\u00edodo deste ano. Os dados s\u00e3o do Painel Mapa de Empresas, da Secretaria Especial de Produtividade e Competitividade (Sepec) do Minist\u00e9rio da Economia.<\/p>\n\n\n\n<p>Segundo o levantamento, em agosto de 2019, o tempo para abrir uma empresa era de 4 dias e 10 horas. J\u00e1 no m\u00eas passado, o mesmo processo era feito em 23 horas.<\/p>\n\n\n\n<p>Na compara\u00e7\u00e3o de janeiro deste ano \u2013quando o tempo m\u00e9dio era de 2 dias e 7 horas\u2013 com agosto, a redu\u00e7\u00e3o foi de 58%.<\/p>\n\n\n\n<p>Ao olhar para a m\u00e9dia do acumulado deste ano at\u00e9 agosto, os dados apontam que a abertura de uma empresa leva 1 dia e 13 horas.<\/p>\n\n\n\n<p>O movimento de abertura e fechamento de empresas \u00e9 monitorado desde 2019.<\/p>\n\n\n\n<p>A agilidade, por\u00e9m, vem acompanhada de uma desacelera\u00e7\u00e3o no n\u00famero de novos neg\u00f3cios. Foram abertas cerca de 2,73 milh\u00f5es de empresas de janeiro a agosto deste ano, ante 2,81 milh\u00f5es no mesmo per\u00edodo de 2021.<\/p>\n\n\n\n<p>J\u00e1 os fechamentos de empresas aceleraram no mesmo per\u00edodo de compara\u00e7\u00e3o. Enquanto 2021 viu 927 mil neg\u00f3cios encerrarem, 2022 registra 1,14 milh\u00e3o.<\/p>\n\n\n\n<p><em>Fonte: CNN Brasil<\/em><\/p>\n","protected":false},"excerpt":{"rendered":"<p>O tempo m\u00e9dio gasto para abrir uma empresa no pa\u00eds caiu 78,3% de agosto de 2019 para o mesmo per\u00edodo deste ano. Os dados s\u00e3o do Painel Mapa de Empresas, da Secretaria Especial de Produtividade e Competitividade (Sepec) do Minist\u00e9rio da Economia.<\/p>\n","protected":false},"author":7,"featured_media":17300,"comment_status":"closed","ping_status":"open","sticky":false,"template":"","format":"standard","meta":{"footnotes":""},"categories":[1836],"tags":[317,2503,339,3008],"class_list":["post-17295","post","type-post","status-publish","format-standard","has-post-thumbnail","hentry","category-marketing-e-vendas","tag-empreendedorismo","tag-empresa","tag-ministerio-da-economia","tag-sepec"],"_links":{"self":[{"href":"https:\/\/cndl.org.br\/varejosa\/wp-json\/wp\/v2\/posts\/17295","targetHints":{"allow":["GET"]}}],"collection":[{"href":"https:\/\/cndl.org.br\/varejosa\/wp-json\/wp\/v2\/posts"}],"about":[{"href":"https:\/\/cndl.org.br\/varejosa\/wp-json\/wp\/v2\/types\/post"}],"author":[{"embeddable":true,"href":"https:\/\/cndl.org.br\/varejosa\/wp-json\/wp\/v2\/users\/7"}],"replies":[{"embeddable":true,"href":"https:\/\/cndl.org.br\/varejosa\/wp-json\/wp\/v2\/comments?post=17295"}],"version-history":[{"count":0,"href":"https:\/\/cndl.org.br\/varejosa\/wp-json\/wp\/v2\/posts\/17295\/revisions"}],"wp:featuredmedia":[{"embeddable":true,"href":"https:\/\/cndl.org.br\/varejosa\/wp-json\/wp\/v2\/media\/17300"}],"wp:attachment":[{"href":"https:\/\/cndl.org.br\/varejosa\/wp-json\/wp\/v2\/media?parent=17295"}],"wp:term":[{"taxonomy":"category","embeddable":true,"href":"https:\/\/cndl.org.br\/varejosa\/wp-json\/wp\/v2\/categories?post=17295"},{"taxonomy":"post_tag","embeddable":true,"href":"https:\/\/cndl.org.br\/varejosa\/wp-json\/wp\/v2\/tags?post=17295"}],"curies":[{"name":"wp","href":"https:\/\/api.w.org\/{rel}","templated":true}]}}