{"id":17312,"date":"2022-09-16T16:05:16","date_gmt":"2022-09-16T19:05:16","guid":{"rendered":"https:\/\/cndl.org.br\/varejosa\/?p=17312"},"modified":"2024-02-04T17:05:25","modified_gmt":"2024-02-04T20:05:25","slug":"representantes-da-cdl-nh-participam-do-lancamento-da-semana-nacional-de-transito","status":"publish","type":"post","link":"https:\/\/cndl.org.br\/varejosa\/representantes-da-cdl-nh-participam-do-lancamento-da-semana-nacional-de-transito\/","title":{"rendered":"Representantes da CDL-NH participam do lan\u00e7amento da Semana Nacional de Tr\u00e2nsito"},"content":{"rendered":"\n<p>A Semana Nacional de Tr\u00e2nsito 2022 foi oficialmente lan\u00e7ada na manh\u00e3 desta quinta-feira (15), na sede do Grupo Sinos, um dos apoiadores do evento. Na ocasi\u00e3o, foi apresentado o tema central deste ano que vai ao encontro da sequ\u00eancia de a\u00e7\u00f5es realizadas durante o Movimento Maio Amarelo e, tamb\u00e9m, abordar\u00e1 o tema \u201cJuntos Salvamos Vidas\u201d.<\/p>\n\n\n\n<p>A C\u00e2mara de Dirigentes Lojistas de Novo Hamburgo (CDL-NH) tamb\u00e9m est\u00e1 envolvida e apoia as a\u00e7\u00f5es que o munic\u00edpio realizar\u00e1 durante a Semana. O diretor da CDL Jovem, Carlos Kranz, e a coordenadora de marketing e eventos, Graziele Jung, participaram da cerim\u00f4nia.<\/p>\n\n\n\n<p>O diretor-geral adjunto do Detran RS, Rafael Mennet, parabenizou o trabalho que vem sendo feito na regi\u00e3o. \u201cA\u00e7\u00f5es como esta s\u00e3o muito importantes, visto que temos bastante esperan\u00e7a nos jovens. Por isto apostamos em atividades nas escolas\u201d, salientou.<\/p>\n\n\n\n<p><strong>Programa\u00e7\u00e3o<br><\/strong>Do dia 18 a 25 de setembro, ocorrer\u00e1 a Semana Nacional do Tr\u00e2nsito em Novo Hamburgo. Outras unidades da CFC Valderez em Nova Hartz, S\u00e3o Leopoldo e Sapiranga, ter\u00e3o palestras, blitz educativas, mini pista, entre outras atividades. O objetivo \u00e9 conscientizar motoristas e pedestres a fim de construir um tr\u00e2nsito mais seguro para todos.<\/p>\n\n\n\n<p><strong>Domingo, dia 18<br><\/strong>Abertura oficial, a partir das 15h, no Parque Henrique Luis Roessler (Parc\u00e3o)<\/p>\n\n\n\n<p><strong>Segunda, dia 19<br><\/strong>Blitz educativa, das 11h45 \u00e0s 12h15, em frente ao CFC Valderez, na esquina da Av. Na\u00e7\u00f5es Unidas com a Rua Guaruj\u00e1<br>Mini pista, das 14h30 \u00e0s 16h, na IENH, com tr\u00eas turmas convidadas como agentes mirins de tr\u00e2nsito com dura\u00e7\u00e3o de 30 minutos por turma<\/p>\n\n\n\n<p><strong>Sexta, dia 23<br><\/strong>Oficina art\u00edstica e pintura de duas pilastras do Trensurb, das 13h \u00e0s 17h, em frente \u00e0 Himaco Hidr\u00e1ulicos e M\u00e1quinas Injetoras, situada ao lado da sede do CFC Valderez, com 20 estudantes a partir de 10 anos, de escolas do munic\u00edpio, que ser\u00e3o coordenados pelo artista pl\u00e1stico Bruno Schilling<br>Blitz educativa, das 11h45 \u00e0s 13h15, nas ruas de treinamento da autoescola. Durante as aulas pr\u00e1ticas ser\u00e1 mostrado aos alunos como \u00e9 a abordagem e quais os documentos solicitados pela Guarda Municipal<\/p>\n\n\n\n<p><strong>Domingo, dia 25<br><\/strong>Encerramento da Semana Nacional do Tr\u00e2nsito, \u00e0s 15h, no Parc\u00e3o<\/p>\n\n\n\n<p>Fonte: CDL-NH<\/p>\n","protected":false},"excerpt":{"rendered":"<p>A Semana Nacional de Tr\u00e2nsito 2022 foi oficialmente lan\u00e7ada na manh\u00e3 desta quinta-feira (15), na sede do Grupo Sinos, um dos apoiadores do evento. Na ocasi\u00e3o, foi apresentado o tema central deste ano que vai ao encontro da sequ\u00eancia de a\u00e7\u00f5es realizadas durante o Movimento Maio Amarelo e, tamb\u00e9m, abordar\u00e1 o tema \u201cJuntos Salvamos Vidas\u201d<\/p>\n","protected":false},"author":18,"featured_media":17313,"comment_status":"closed","ping_status":"open","sticky":false,"template":"","format":"standard","meta":{"footnotes":""},"categories":[1371],"tags":[2591,2698,4652],"class_list":["post-17312","post","type-post","status-publish","format-standard","has-post-thumbnail","hentry","category-noticias-cndl","tag-cdl","tag-cdl-nh","tag-transito"],"_links":{"self":[{"href":"https:\/\/cndl.org.br\/varejosa\/wp-json\/wp\/v2\/posts\/17312","targetHints":{"allow":["GET"]}}],"collection":[{"href":"https:\/\/cndl.org.br\/varejosa\/wp-json\/wp\/v2\/posts"}],"about":[{"href":"https:\/\/cndl.org.br\/varejosa\/wp-json\/wp\/v2\/types\/post"}],"author":[{"embeddable":true,"href":"https:\/\/cndl.org.br\/varejosa\/wp-json\/wp\/v2\/users\/18"}],"replies":[{"embeddable":true,"href":"https:\/\/cndl.org.br\/varejosa\/wp-json\/wp\/v2\/comments?post=17312"}],"version-history":[{"count":0,"href":"https:\/\/cndl.org.br\/varejosa\/wp-json\/wp\/v2\/posts\/17312\/revisions"}],"wp:featuredmedia":[{"embeddable":true,"href":"https:\/\/cndl.org.br\/varejosa\/wp-json\/wp\/v2\/media\/17313"}],"wp:attachment":[{"href":"https:\/\/cndl.org.br\/varejosa\/wp-json\/wp\/v2\/media?parent=17312"}],"wp:term":[{"taxonomy":"category","embeddable":true,"href":"https:\/\/cndl.org.br\/varejosa\/wp-json\/wp\/v2\/categories?post=17312"},{"taxonomy":"post_tag","embeddable":true,"href":"https:\/\/cndl.org.br\/varejosa\/wp-json\/wp\/v2\/tags?post=17312"}],"curies":[{"name":"wp","href":"https:\/\/api.w.org\/{rel}","templated":true}]}}