{"id":17394,"date":"2022-09-26T18:48:16","date_gmt":"2022-09-26T21:48:16","guid":{"rendered":"https:\/\/cndl.org.br\/varejosa\/?p=17394"},"modified":"2024-02-04T17:23:24","modified_gmt":"2024-02-04T20:23:24","slug":"2023-antigos-problemas-para-novos-governos","status":"publish","type":"post","link":"https:\/\/cndl.org.br\/varejosa\/2023-antigos-problemas-para-novos-governos\/","title":{"rendered":"2023: antigos problemas para novos governos"},"content":{"rendered":"\n<p><em>Por Roberto Folgueral*<\/em><\/p>\n\n\n\n<p>V\u00e1rios problemas dever\u00e3o ser enfrentados pelos governantes que assumirem a cerca de 100 dias. Podemos citar, entre eles, o de maior impacto na sociedade em geral: a reforma tribut\u00e1ria.<\/p>\n\n\n\n<p>O Brasil se notabiliza por realizar v\u00e1rias reformas tribut\u00e1rias, sempre com o mesmo resultante: aumento de carga tribut\u00e1ria.<\/p>\n\n\n\n<p>Devemos entender que, em \u00faltima an\u00e1lise, \u00e9 o consumidor final quem paga qualquer tipo de tributo \u2013 seja ele direto, seja indireto \u2013 sobre a renda, produ\u00e7\u00e3o, com\u00e9rcio ou servi\u00e7o. Portanto, \u00e9 uma fal\u00e1cia dizer que aumentar-se-\u00e1 os tributos sobre empresas, pois essas o repassar\u00e3o, imediatamente, ao custo de seus produtos, bens ou servi\u00e7os e assim aos seus pre\u00e7os de venda.<\/p>\n\n\n\n<p>Al\u00e9m disso, entendo que as propostas de reforma tribut\u00e1ria que tramitam em nossas Casas Legislativas contemplam aumento de carga tribut\u00e1ria e de obriga\u00e7\u00f5es acess\u00f3rias, o que resultar\u00e1 em eleva\u00e7\u00e3o ainda maior nos pre\u00e7os de venda e, consequentemente, uma infla\u00e7\u00e3o de custos.<\/p>\n\n\n\n<p>Como indicam as pesquisas, as elei\u00e7\u00f5es est\u00e3o polarizadas. Analisando-se o programa de qualquer um dos quatro primeiros candidatos, todos acenam com a possibilidade de tributar a distribui\u00e7\u00e3o de lucros ou dividendos e, nos demais itens, aumentar e muito a carga dos bens e servi\u00e7os comercializados em nosso Brasil, de uma forma geral. <\/p>\n\n\n\n<p>Somente para exemplifica\u00e7\u00e3o e obedecendo a polariza\u00e7\u00e3o, comento as propostas dos dois candidatos que est\u00e3o na ponta do certame, considerando que os demais em nada mudam no quesito aumento de carga tribut\u00e1ria:<\/p>\n\n\n\n<p><strong>Lula<\/strong><br>Em seu plano de governo, o ex-presidente indica que planeja:<\/p>\n\n\n\n<p>\u2022 Criar um novo regime fiscal;<br>\u2022 Simplifica\u00e7\u00e3o de taxas \u2013 n\u00e3o uma redu\u00e7\u00e3o! \u2013, sugerindo uma redu\u00e7\u00e3o para os brasileiros com menor \u201cpoder aquisitivo\u201d, sobretaxando os mais ricos;<br>\u2022 Eleva\u00e7\u00e3o do teto de isen\u00e7\u00e3o do IRPF dos atuais R$ 1.903,98 para algo em torno de R$ 5.000,00;<br>\u2022 Cobran\u00e7a de tributos sobre a distribui\u00e7\u00e3o de Lucros e Dividendos, al\u00e9m da tributa\u00e7\u00e3o de heran\u00e7as.<\/p>\n\n\n\n<p><strong>Bolsonaro<\/strong><br>J\u00e1 o Plano de governo do atual presidente indica que:<\/p>\n\n\n\n<p>\u2022 Colocar\u00e1 em vota\u00e7\u00e3o a reforma do IR, ou seja, tributar\u00e1 lucros e dividendos, para manuten\u00e7\u00e3o dos benef\u00edcios concedidos;<br>\u2022 Seguir\u00e1 com a implementa\u00e7\u00e3o de altera\u00e7\u00f5es estruturantes para a \u00e1rea econ\u00f4mica;<br>\u2022 Prop\u00f5e a corre\u00e7\u00e3o da tabela do IR para R$ 6.060,00.<\/p>\n\n\n\n<p>Em rasa an\u00e1lise, entendemos que ambos os planos s\u00e3o iguais, com bases subjetivas, indicando um \u00fanico vetor: aumento da carga tribut\u00e1ria! Triste realidade!!!<\/p>\n\n\n\n<p><em>*Roberto Folgueral \u00e9 contador e perito judicial.<\/em><\/p>\n\n\n\n<p><em>Este artigo reflete a opini\u00e3o do autor.<\/em><\/p>\n","protected":false},"excerpt":{"rendered":"<p>Analisando-se o programa de qualquer um dos quatro primeiros candidatos, todos acenam com a possibilidade de tributar a distribui\u00e7\u00e3o de lucros ou dividendos e, nos demais itens, aumentar e muito a carga dos bens e servi\u00e7os comercializados em nosso Brasil, de uma forma geral.<\/p>\n","protected":false},"author":3,"featured_media":17395,"comment_status":"closed","ping_status":"open","sticky":false,"template":"","format":"standard","meta":{"footnotes":""},"categories":[2234],"tags":[464,909,435,330,322],"class_list":["post-17394","post","type-post","status-publish","format-standard","has-post-thumbnail","hentry","category-vozes-do-varejo","tag-carga-tributaria","tag-eleicoes-2022","tag-impostos","tag-obrigacoes-acessorias","tag-reforma-tributaria"],"_links":{"self":[{"href":"https:\/\/cndl.org.br\/varejosa\/wp-json\/wp\/v2\/posts\/17394","targetHints":{"allow":["GET"]}}],"collection":[{"href":"https:\/\/cndl.org.br\/varejosa\/wp-json\/wp\/v2\/posts"}],"about":[{"href":"https:\/\/cndl.org.br\/varejosa\/wp-json\/wp\/v2\/types\/post"}],"author":[{"embeddable":true,"href":"https:\/\/cndl.org.br\/varejosa\/wp-json\/wp\/v2\/users\/3"}],"replies":[{"embeddable":true,"href":"https:\/\/cndl.org.br\/varejosa\/wp-json\/wp\/v2\/comments?post=17394"}],"version-history":[{"count":0,"href":"https:\/\/cndl.org.br\/varejosa\/wp-json\/wp\/v2\/posts\/17394\/revisions"}],"wp:featuredmedia":[{"embeddable":true,"href":"https:\/\/cndl.org.br\/varejosa\/wp-json\/wp\/v2\/media\/17395"}],"wp:attachment":[{"href":"https:\/\/cndl.org.br\/varejosa\/wp-json\/wp\/v2\/media?parent=17394"}],"wp:term":[{"taxonomy":"category","embeddable":true,"href":"https:\/\/cndl.org.br\/varejosa\/wp-json\/wp\/v2\/categories?post=17394"},{"taxonomy":"post_tag","embeddable":true,"href":"https:\/\/cndl.org.br\/varejosa\/wp-json\/wp\/v2\/tags?post=17394"}],"curies":[{"name":"wp","href":"https:\/\/api.w.org\/{rel}","templated":true}]}}