{"id":17472,"date":"2022-10-05T11:14:40","date_gmt":"2022-10-05T14:14:40","guid":{"rendered":"https:\/\/cndl.org.br\/varejosasa\/?p=17472"},"modified":"2024-02-04T13:26:43","modified_gmt":"2024-02-04T16:26:43","slug":"black-friday-2022-deve-movimentar-r-605-bilhoes-no-comercio-eletronico","status":"publish","type":"post","link":"https:\/\/cndl.org.br\/varejosa\/black-friday-2022-deve-movimentar-r-605-bilhoes-no-comercio-eletronico\/","title":{"rendered":"Black Friday 2022 deve movimentar R$ 6,05 bilh\u00f5es no com\u00e9rcio eletr\u00f4nico"},"content":{"rendered":"\n<p>Estimativa da ABComm &#8211; Associa\u00e7\u00e3o Brasileira de Com\u00e9rcio Eletr\u00f4nico projeta que a Black Friday deve movimentar R$ 6,05 bilh\u00f5es no com\u00e9rcio eletr\u00f4nico, com o n\u00famero de pedidos chegando a 8,3 milh\u00f5es neste ano.<\/p>\n\n\n\n<p>O montante representa aumento de 3,5% em rela\u00e7\u00e3o a 2021. Segundo a ABComm, o crescimento t\u00edmido \u00e9 uma tend\u00eancia para as datas especiais deste ano.<\/p>\n\n\n\n<p>As categorias mais aquecidas neste ano devem ser telefonia, eletr\u00f4nicos, inform\u00e1tica, eletrodom\u00e9sticos e eletroport\u00e1teis, moda, beleza e sa\u00fade.<\/p>\n\n\n\n<p>De acordo com a ABComm, o e-commerce cresceu em m\u00e9dia 3% no primeiro semestre de 2022 em rela\u00e7\u00e3o aos primeiros seis meses de 2021, abaixo dos 5% previstos. Entre os motivos est\u00e3o o aumento dos combust\u00edveis, j\u00e1 que a recente diminui\u00e7\u00e3o do pre\u00e7o n\u00e3o se aplicou ao diesel, que \u00e9 respons\u00e1vel pela maior parte do transporte de produtos.<\/p>\n\n\n\n<p>A menor oferta de frete gr\u00e1tis tamb\u00e9m impacta as vendas. Uma pesquisa da ABComm aponta que o pre\u00e7o do frete pode influenciar at\u00e9 90% a decis\u00e3o de compra de um item nas vendas pela internet.<\/p>\n\n\n\n<p>Outros motivos, como o boom do e-commerce na pandemia, o retorno das vendas presenciais e eventos como Copa do Mundo e elei\u00e7\u00f5es 2022 tamb\u00e9m podem afetar as vendas durante a Black Friday, diz a entidade.<\/p>\n\n\n\n<p>Em 2021, a modalidade \u201cpick up in-store\u201d, na qual o cliente faz o pedido on-line e retira presencialmente na loja, teve crescimento de 139% no per\u00edodo. &#8220;Os dados demonstram a import\u00e2ncia de o varejo on-line caminhar sempre ao lado do modelo tradicional&#8221;, afirma a ABComm.<\/p>\n\n\n\n<p>\u201c\u00c9 uma data que as pessoas esperam um volume maior de vendas, uma vez que j\u00e1 caiu no gosto popular. Os consumidores esperam esse per\u00edodo para comprar diversos produtos, que geralmente s\u00e3o mais caros, com um desconto mais atrativo. \u00c9 muito importante que os varejistas sempre se antecipem para atenderem a esse aumento de vendas por meio da prepara\u00e7\u00e3o de estoque, log\u00edstica e dos canais de atendimento p\u00f3s-venda\u201d, diz Alexandre Crivellaro, diretor de intelig\u00eancia de mercado da ABComm.<\/p>\n\n\n\n<p><em>Fonte: G1<\/em><\/p>\n","protected":false},"excerpt":{"rendered":"<p>Pesquisa da ABComm indica crescimento de 3,5% em rela\u00e7\u00e3o ao ano passado.<\/p>\n","protected":false},"author":7,"featured_media":17480,"comment_status":"closed","ping_status":"open","sticky":false,"template":"","format":"standard","meta":{"footnotes":""},"categories":[26],"tags":[987,291,247,251,250],"class_list":["post-17472","post","type-post","status-publish","format-standard","has-post-thumbnail","hentry","category-negocios-e-economia","tag-abcomm","tag-black-friday","tag-comercio","tag-e-commerce","tag-vendas"],"_links":{"self":[{"href":"https:\/\/cndl.org.br\/varejosa\/wp-json\/wp\/v2\/posts\/17472","targetHints":{"allow":["GET"]}}],"collection":[{"href":"https:\/\/cndl.org.br\/varejosa\/wp-json\/wp\/v2\/posts"}],"about":[{"href":"https:\/\/cndl.org.br\/varejosa\/wp-json\/wp\/v2\/types\/post"}],"author":[{"embeddable":true,"href":"https:\/\/cndl.org.br\/varejosa\/wp-json\/wp\/v2\/users\/7"}],"replies":[{"embeddable":true,"href":"https:\/\/cndl.org.br\/varejosa\/wp-json\/wp\/v2\/comments?post=17472"}],"version-history":[{"count":0,"href":"https:\/\/cndl.org.br\/varejosa\/wp-json\/wp\/v2\/posts\/17472\/revisions"}],"wp:featuredmedia":[{"embeddable":true,"href":"https:\/\/cndl.org.br\/varejosa\/wp-json\/wp\/v2\/media\/17480"}],"wp:attachment":[{"href":"https:\/\/cndl.org.br\/varejosa\/wp-json\/wp\/v2\/media?parent=17472"}],"wp:term":[{"taxonomy":"category","embeddable":true,"href":"https:\/\/cndl.org.br\/varejosa\/wp-json\/wp\/v2\/categories?post=17472"},{"taxonomy":"post_tag","embeddable":true,"href":"https:\/\/cndl.org.br\/varejosa\/wp-json\/wp\/v2\/tags?post=17472"}],"curies":[{"name":"wp","href":"https:\/\/api.w.org\/{rel}","templated":true}]}}