{"id":17474,"date":"2022-10-05T09:20:24","date_gmt":"2022-10-05T12:20:24","guid":{"rendered":"https:\/\/cndl.org.br\/varejosasa\/?p=17474"},"modified":"2024-02-04T13:26:43","modified_gmt":"2024-02-04T16:26:43","slug":"banco-mundial-aumenta-para-25-previsao-do-pib-brasileiro-este-ano","status":"publish","type":"post","link":"https:\/\/cndl.org.br\/varejosa\/banco-mundial-aumenta-para-25-previsao-do-pib-brasileiro-este-ano\/","title":{"rendered":"Banco Mundial aumenta para 2,5% previs\u00e3o do PIB brasileiro este ano"},"content":{"rendered":"\n<p>A economia brasileira dever\u00e1 terminar o ano com crescimento de 2,5%, segundo novas estimativas divulgadas hoje (4) pelo Banco Mundial. A proje\u00e7\u00e3o anterior estava em 1,5%. Para 2023, o organismo internacional manteve em 0,8% a previs\u00e3o de crescimento do Produto Interno Bruto (PIB).<\/p>\n\n\n\n<p>As estimativas est\u00e3o mais em linha com as previs\u00f5es do governo. No fim de setembro, a Secretaria de Pol\u00edtica Econ\u00f4mica do Minist\u00e9rio da Economia elevou de 2% para 2,7% a proje\u00e7\u00e3o de crescimento do PIB em 2022.<\/p>\n\n\n\n<p>Para 2023, as proje\u00e7\u00f5es divergem. A proposta de Or\u00e7amento Geral da Uni\u00e3o prev\u00ea crescimento de 2,5%, enquanto as estimativas do Banco Mundial apontam expans\u00e3o bem menor.<\/p>\n\n\n\n<p>As novas estimativas foram divulgadas como adiantamento do encontro anual de outono (no Hemisf\u00e9rio Norte) do Fundo Monet\u00e1rio Internacional (FMI) e do Banco Mundial. As reuni\u00f5es ocorrem na pr\u00f3xima semana, entre os dias 10 e 16, em Washington.<\/p>\n\n\n\n<p>Segundo o relat\u00f3rio, os gastos sociais e os investimentos (obras p\u00fablicas e compra de equipamentos) s\u00e3o elementos centrais para impulsionar o crescimento na Am\u00e9rica Latina no cen\u00e1rio p\u00f3s-covid. No entanto, o equil\u00edbrio fiscal deve ser buscado. Os gastos extras devem ser financiados por meio de novos impostos, reforma tribut\u00e1ria e medidas para melhorar a efici\u00eancia do gasto p\u00fablico.<\/p>\n\n\n\n<p>De acordo com o Banco Mundial, 40% dos ajustes fiscais na Am\u00e9rica Latina foram feitos com base em corte de investimentos. Segundo o \u00f3rg\u00e3o, esse tipo de ajuste pode melhorar as contas p\u00fablicas no curto prazo, mas tem efeitos nocivos no longo prazo.<\/p>\n\n\n\n<p>O relat\u00f3rio mostra que 17% dos gastos p\u00fablicos poderiam ser cortados em alguns pa\u00edses, decorrentes de transfer\u00eancias mal destinadas, compras ruins e pol\u00edticas de recursos humanos ineficientes.<\/p>\n\n\n\n<p><strong>Regi\u00e3o<\/strong><br>Em rela\u00e7\u00e3o \u00e0 Am\u00e9rica Latina e o Caribe, o Banco Mundial aumentou a previs\u00e3o de crescimento do PIB de 2,5% para 3%. Para o pr\u00f3ximo ano, no entanto, a estimativa foi reduzida de 1,9% para 1,6%. Apesar da melhora nas proje\u00e7\u00f5es para o Brasil, o pa\u00eds dever\u00e1 crescer menor que a maioria dos pa\u00edses da regi\u00e3o. Somente M\u00e9xico e Chile devem encerrar o ano com crescimento inferior ao brasileiro.<\/p>\n\n\n\n<p>M\u00e9xico e Chile s\u00e3o um dos poucos pa\u00edses latinos que devem crescer menos do que o Brasil, com varia\u00e7\u00f5es de 1,8% neste ano. Para 2023, o Banco Mundial prev\u00ea queda de 0,5% no PIB chileno e avan\u00e7o de 1,5% no PIB mexicano.<\/p>\n\n\n\n<p><em>Fonte: Ag\u00eancia Brasil<\/em><\/p>\n","protected":false},"excerpt":{"rendered":"<p>\u00d3rg\u00e3o mant\u00e9m estimativa de crescimento de 0,8% para 2023.<\/p>\n","protected":false},"author":9,"featured_media":17475,"comment_status":"closed","ping_status":"open","sticky":false,"template":"","format":"standard","meta":{"footnotes":""},"categories":[26],"tags":[1020,341,304],"class_list":["post-17474","post","type-post","status-publish","format-standard","has-post-thumbnail","hentry","category-negocios-e-economia","tag-banco-mundial","tag-economia","tag-pib"],"_links":{"self":[{"href":"https:\/\/cndl.org.br\/varejosa\/wp-json\/wp\/v2\/posts\/17474","targetHints":{"allow":["GET"]}}],"collection":[{"href":"https:\/\/cndl.org.br\/varejosa\/wp-json\/wp\/v2\/posts"}],"about":[{"href":"https:\/\/cndl.org.br\/varejosa\/wp-json\/wp\/v2\/types\/post"}],"author":[{"embeddable":true,"href":"https:\/\/cndl.org.br\/varejosa\/wp-json\/wp\/v2\/users\/9"}],"replies":[{"embeddable":true,"href":"https:\/\/cndl.org.br\/varejosa\/wp-json\/wp\/v2\/comments?post=17474"}],"version-history":[{"count":0,"href":"https:\/\/cndl.org.br\/varejosa\/wp-json\/wp\/v2\/posts\/17474\/revisions"}],"wp:featuredmedia":[{"embeddable":true,"href":"https:\/\/cndl.org.br\/varejosa\/wp-json\/wp\/v2\/media\/17475"}],"wp:attachment":[{"href":"https:\/\/cndl.org.br\/varejosa\/wp-json\/wp\/v2\/media?parent=17474"}],"wp:term":[{"taxonomy":"category","embeddable":true,"href":"https:\/\/cndl.org.br\/varejosa\/wp-json\/wp\/v2\/categories?post=17474"},{"taxonomy":"post_tag","embeddable":true,"href":"https:\/\/cndl.org.br\/varejosa\/wp-json\/wp\/v2\/tags?post=17474"}],"curies":[{"name":"wp","href":"https:\/\/api.w.org\/{rel}","templated":true}]}}