{"id":17658,"date":"2022-10-27T16:20:14","date_gmt":"2022-10-27T19:20:14","guid":{"rendered":"https:\/\/cndl.org.br\/varejosasa\/?p=17658"},"modified":"2024-02-04T13:27:05","modified_gmt":"2024-02-04T16:27:05","slug":"desemprego-cai-para-87-no-trimestre-encerrado-em-setembro-diz-ibge","status":"publish","type":"post","link":"https:\/\/cndl.org.br\/varejosa\/desemprego-cai-para-87-no-trimestre-encerrado-em-setembro-diz-ibge\/","title":{"rendered":"Desemprego cai para 8,7% no trimestre encerrado em setembro, diz IBGE"},"content":{"rendered":"\n<p>A taxa de desemprego no Brasil ficou em 8,7% no trimestre encerrado em setembro, informou o IBGE &#8211; Instituto Brasileiro de Geografia e Estat\u00edstica nesta quinta-feira (27).<\/p>\n\n\n\n<p>Trata-se da menor taxa desde o trimestre fechado em junho de 2015 (8,4%) e representa uma queda de 0,6 ponto percentual (p.p.) na compara\u00e7\u00e3o com o trimestre anterior, terminado em junho (9,3%), e 3,9 p.p. frente ao mesmo per\u00edodo de 2021 (12,6%).<\/p>\n\n\n\n<p>O mercado esperava uma taxa de 8,7% no per\u00edodo, segundo pesquisa da Reuters.<\/p>\n\n\n\n<p>Os dados s\u00e3o da Pnad Cont\u00ednua &#8211; Pesquisa Nacional por Amostra de Domic\u00edlios Cont\u00ednua.<\/p>\n\n\n\n<p>O contingente de pessoas ocupadas cresceu 1% no trimestre e bateu novo recorde na s\u00e9rie hist\u00f3rica, iniciada em 2012, totalizando de 99,3 milh\u00f5es de pessoas.<\/p>\n\n\n\n<p>\u201cA taxa de desocupa\u00e7\u00e3o segue a trajet\u00f3ria de queda que vem sendo observada nos \u00faltimos trimestres. A retra\u00e7\u00e3o dessa taxa \u00e9 influenciada pela manuten\u00e7\u00e3o do crescimento da popula\u00e7\u00e3o ocupada\u201d, destaca Adriana Beringuy, coordenadora da Pnad.<\/p>\n\n\n\n<p>O n\u00famero de trabalhadores desocupados, por outro lado, chegou ao menor n\u00edvel desde dezembro de 2015, com queda de 6,2% (menos 621 mil pessoas) no trimestre e 29,7% (menos 4 milh\u00f5es de pessoas) no ano.<\/p>\n\n\n\n<p>O n\u00edvel de ocupa\u00e7\u00e3o chegou ao patamar mais alto desde outubro de 2015, a 57,2%, subindo 0,4 pontos percentuais na compara\u00e7\u00e3o trimestral e 3,1 p.p. na anual.<\/p>\n\n\n\n<p>J\u00e1 o rendimento real habitual cresceu pela primeira vez desde junho de 2020, chegando a R$ 2.737,00,<\/p>\n\n\n\n<p><strong>N\u00famero de trabalhadores sem carteira assinada se mant\u00e9m recorde<br><\/strong>O contingente de trabalhadores sem carteira assinada no setor privado se manteve est\u00e1vel na compara\u00e7\u00e3o trimestral, em 13,2 milh\u00f5es de pessoas. Este \u00e9 maior n\u00edvel desde o in\u00edcio da s\u00e9rie hist\u00f3rica, em 2012. No ano, o dado apresentou alta de 13%, com mais 1,5 milh\u00e3o de pessoas.<\/p>\n\n\n\n<p>Quanto aos trabalhadores registrados, houve crescimento de 1,3% em rela\u00e7\u00e3o ao trimestre anterior, ao patamar de 36,3 milh\u00f5es de pessoas. Na compara\u00e7\u00e3o anual, cresceu 8,2%.<\/p>\n\n\n\n<p>A taxa de informalidade recuou em 0,6 p.p. na compara\u00e7\u00e3o trimestral, a 39,4%, totalizando 39,1 milh\u00f5es de pessoas. O recuo foi de 1,2 p.p. em rela\u00e7\u00e3o ao mesmo trimestre de 2021.<\/p>\n\n\n\n<p>O relat\u00f3rio da Pnad destaca, tamb\u00e9m, um recorde no n\u00famero de empregados no setor p\u00fablico: com 12,2 milh\u00f5es de pessoas no total, o contingente teve alta de 2,5% na compara\u00e7\u00e3o trimestral e de 8,9% na anual. Segundo o IBGE, o aumento foi puxado por aqueles que n\u00e3o t\u00eam carteira assinada (3,1 milh\u00f5es), cujo n\u00famero cresceu 11,6% no trimestre e 35,4% no ano.<\/p>\n\n\n\n<p>\u201cTemos observado um ritmo acelerado no setor p\u00fablico nos \u00faltimos tr\u00eas trimestres em fun\u00e7\u00e3o, principalmente, da recupera\u00e7\u00e3o do segmento de educa\u00e7\u00e3o e sa\u00fade\u201d, detalha a coordenadora.<\/p>\n\n\n\n<p><strong>Atividades em destaque<br><\/strong>O IBGE destaca que as atividades vinculadas \u00e0 administra\u00e7\u00e3o p\u00fablica (defesa, seguridade social, educa\u00e7\u00e3o, sa\u00fade humana e servi\u00e7os sociais) cresceram 1,8% no trimestre, o equivalente a mais 315 mil pessoas. Outros servi\u00e7os ganharam mais 348 mil trabalhadores, em alta de 6,8%.<\/p>\n\n\n\n<p>Beringuy destaca que \u201ctr\u00eas atividades vinham se sobressaindo desde junho: Com\u00e9rcio, Administra\u00e7\u00e3o p\u00fablica (defesa, seguridade social, educa\u00e7\u00e3o, sa\u00fade humana e servi\u00e7os sociais) e Outros Servi\u00e7os\u201d.<\/p>\n\n\n\n<p>\u201cNesse trimestre, o com\u00e9rcio, embora tenha ficado est\u00e1vel, ainda mant\u00e9m um contingente bastante importante e permanece sendo uma importante atividade na absor\u00e7\u00e3o de m\u00e3o de obra, com mais de 19 milh\u00f5es de pessoas.\u201d<\/p>\n\n\n\n<p><em>Fonte: CNN Brasil<\/em><\/p>\n","protected":false},"excerpt":{"rendered":"<p>A taxa de desemprego no Brasil ficou em 8,7% no trimestre encerrado em setembro, informou o IBGE (Instituto Brasileiro de Geografia e Estat\u00edstica) nesta quinta-feira (27).<\/p>\n","protected":false},"author":7,"featured_media":17667,"comment_status":"closed","ping_status":"open","sticky":false,"template":"","format":"standard","meta":{"footnotes":""},"categories":[26],"tags":[1017,341,302,305,443],"class_list":["post-17658","post","type-post","status-publish","format-standard","has-post-thumbnail","hentry","category-negocios-e-economia","tag-desemprego","tag-economia","tag-emprego","tag-ibge","tag-trabalho"],"_links":{"self":[{"href":"https:\/\/cndl.org.br\/varejosa\/wp-json\/wp\/v2\/posts\/17658","targetHints":{"allow":["GET"]}}],"collection":[{"href":"https:\/\/cndl.org.br\/varejosa\/wp-json\/wp\/v2\/posts"}],"about":[{"href":"https:\/\/cndl.org.br\/varejosa\/wp-json\/wp\/v2\/types\/post"}],"author":[{"embeddable":true,"href":"https:\/\/cndl.org.br\/varejosa\/wp-json\/wp\/v2\/users\/7"}],"replies":[{"embeddable":true,"href":"https:\/\/cndl.org.br\/varejosa\/wp-json\/wp\/v2\/comments?post=17658"}],"version-history":[{"count":0,"href":"https:\/\/cndl.org.br\/varejosa\/wp-json\/wp\/v2\/posts\/17658\/revisions"}],"wp:featuredmedia":[{"embeddable":true,"href":"https:\/\/cndl.org.br\/varejosa\/wp-json\/wp\/v2\/media\/17667"}],"wp:attachment":[{"href":"https:\/\/cndl.org.br\/varejosa\/wp-json\/wp\/v2\/media?parent=17658"}],"wp:term":[{"taxonomy":"category","embeddable":true,"href":"https:\/\/cndl.org.br\/varejosa\/wp-json\/wp\/v2\/categories?post=17658"},{"taxonomy":"post_tag","embeddable":true,"href":"https:\/\/cndl.org.br\/varejosa\/wp-json\/wp\/v2\/tags?post=17658"}],"curies":[{"name":"wp","href":"https:\/\/api.w.org\/{rel}","templated":true}]}}