{"id":17677,"date":"2022-10-28T12:31:45","date_gmt":"2022-10-28T15:31:45","guid":{"rendered":"https:\/\/cndl.org.br\/varejosa\/?p=17677"},"modified":"2024-02-04T17:05:24","modified_gmt":"2024-02-04T20:05:24","slug":"cdl-df-elege-diretoria-do-bienio-2022-2024-e-reconduz-presidente-wagner-da-silveira-jr","status":"publish","type":"post","link":"https:\/\/cndl.org.br\/varejosa\/cdl-df-elege-diretoria-do-bienio-2022-2024-e-reconduz-presidente-wagner-da-silveira-jr\/","title":{"rendered":"CDL-DF elege diretoria do bi\u00eanio 2022\/2024 e reconduz presidente Wagner da Silveira Jr"},"content":{"rendered":"\n<p>Na quarta-feira, 26, a CDL\/DF &#8212; C\u00e2mara de Dirigentes Lojistas do Distrito Federal elegeu a chapa \u201cPreserva\u00e7\u00e3o, Uni\u00e3o e Desenvolvimento\u201d para compor a diretoria, o conselho fiscal e o conselho consultivo do bi\u00eanio de 2022\/2024. A nova gest\u00e3o tomar\u00e1 posse no dia 1\u00ba de janeiro e ser\u00e1 comandada pelo atual presidente, Wagner da Silveira Jr, e pelos vice-presidentes, Eduardo Pereira Neto e Samuel Torres de Vasconcelos.<\/p>\n\n\n\n<p>O presidente reeleito, Wagner da Silveira Jr, aproveitou a oportunidade para falar sobre as conquistas dos \u00faltimos dois anos em prol de um melhor ambiente de neg\u00f3cios para o setor varejista e a proje\u00e7\u00e3o para o novo mandato. &#8220;Um projeto que a CDL\/DF j\u00e1 come\u00e7ou a desenvolver e vai ser continuado pela nova gest\u00e3o \u00e9 o Panorama do Com\u00e9rcio do DF, um documento para auxiliar os empreendedores do Distrito Federal nas tomadas de decis\u00f5es. A cada m\u00eas, iremos disponibilizar os dados sobre aumento das vendas no DF, as proje\u00e7\u00f5es para os pr\u00f3ximos meses e o \u00edndice de confian\u00e7a do com\u00e9rcio, al\u00e9m de outros temas de interesse do setor varejista\u201d, comentou.<\/p>\n\n\n\n<p>Fazendo uma retrospectiva, o presidente da CDL\/DF, Wagner da Silveira Jr, destacou algumas realiza\u00e7\u00f5es da entidade nos \u00faltimos dois anos: \u201cFechamos parcerias importantes e estivemos juntos com o governo do DF em diversos momentos decisivos para a capital. Um exemplo \u00e9 a parceria com a Secretaria de Turismo do DF, em que contribu\u00edmos com a produ\u00e7\u00e3o dos pain\u00e9is da W3 Sul, proposto no projeto da Revitaliza\u00e7\u00e3o da W3&#8243;.<\/p>\n\n\n\n<p>\u201cA CDL\/DF tamb\u00e9m teve um papel significativo nas obras da capital. Idealizamos o projeto de toda a revitaliza\u00e7\u00e3o da W3 Sul e acompanhamos de perto as obras da Avenida H\u00e9lio Prates e da Avenida Central de Taguatinga. Tamb\u00e9m pensamos em diversas a\u00e7\u00f5es no SIA para melhoria do setor de ind\u00fastrias, envolvendo os empres\u00e1rios e o setor produtivo. Toda interven\u00e7\u00e3o p\u00fablica tem seus problemas, mas a CDL-DF sempre esteve presente para intermediar e minimizar os impactos em rela\u00e7\u00e3o dos empres\u00e1rios com o governo\u201d, finaliza.<\/p>\n\n\n\n<p>O pr\u00e9dio da CDL\/DF, localizado no SIA, tamb\u00e9m est\u00e1 passando por moderniza\u00e7\u00e3o durante o mandato do atual presidente. As reformas em toda a estrutura do pr\u00e9dio da CDL\/DF, a constru\u00e7\u00e3o de um sal\u00e3o de festas, com cozinha gourmet e o novo audit\u00f3rio foram algumas das propostas para oferecer \u00e0 cidade e aos lojistas um novo espa\u00e7o para eventos, contribuindo para uma maior integra\u00e7\u00e3o do setor varejista.<\/p>\n\n\n\n<p><em>Fonte: CDL\/DF<\/em><\/p>\n","protected":false},"excerpt":{"rendered":"<p>Chapa \u201cPreserva\u00e7\u00e3o, Uni\u00e3o e Desenvolvimento\u201d tomar\u00e1 posse no dia 1\u00ba de janeiro.<\/p>\n","protected":false},"author":7,"featured_media":17678,"comment_status":"closed","ping_status":"open","sticky":false,"template":"","format":"standard","meta":{"footnotes":""},"categories":[1371],"tags":[4657,279,317],"class_list":["post-17677","post","type-post","status-publish","format-standard","has-post-thumbnail","hentry","category-noticias-cndl","tag-cdl-df","tag-cndl","tag-empreendedorismo"],"_links":{"self":[{"href":"https:\/\/cndl.org.br\/varejosa\/wp-json\/wp\/v2\/posts\/17677","targetHints":{"allow":["GET"]}}],"collection":[{"href":"https:\/\/cndl.org.br\/varejosa\/wp-json\/wp\/v2\/posts"}],"about":[{"href":"https:\/\/cndl.org.br\/varejosa\/wp-json\/wp\/v2\/types\/post"}],"author":[{"embeddable":true,"href":"https:\/\/cndl.org.br\/varejosa\/wp-json\/wp\/v2\/users\/7"}],"replies":[{"embeddable":true,"href":"https:\/\/cndl.org.br\/varejosa\/wp-json\/wp\/v2\/comments?post=17677"}],"version-history":[{"count":0,"href":"https:\/\/cndl.org.br\/varejosa\/wp-json\/wp\/v2\/posts\/17677\/revisions"}],"wp:featuredmedia":[{"embeddable":true,"href":"https:\/\/cndl.org.br\/varejosa\/wp-json\/wp\/v2\/media\/17678"}],"wp:attachment":[{"href":"https:\/\/cndl.org.br\/varejosa\/wp-json\/wp\/v2\/media?parent=17677"}],"wp:term":[{"taxonomy":"category","embeddable":true,"href":"https:\/\/cndl.org.br\/varejosa\/wp-json\/wp\/v2\/categories?post=17677"},{"taxonomy":"post_tag","embeddable":true,"href":"https:\/\/cndl.org.br\/varejosa\/wp-json\/wp\/v2\/tags?post=17677"}],"curies":[{"name":"wp","href":"https:\/\/api.w.org\/{rel}","templated":true}]}}