{"id":17751,"date":"2022-11-07T11:53:39","date_gmt":"2022-11-07T14:53:39","guid":{"rendered":"https:\/\/cndl.org.br\/varejosa\/?p=17751"},"modified":"2026-01-29T10:24:19","modified_gmt":"2026-01-29T13:24:19","slug":"cndl-participa-de-mobilizacao-em-prol-do-pl-108-2021","status":"publish","type":"post","link":"https:\/\/cndl.org.br\/varejosa\/cndl-participa-de-mobilizacao-em-prol-do-pl-108-2021\/","title":{"rendered":"CNDL participa de mobiliza\u00e7\u00e3o em prol do PL 108\/2021"},"content":{"rendered":"\n<p><em>Parlamentares e entidades de com\u00e9rcio e servi\u00e7os v\u00e3o discutir o projeto que prop\u00f5e o aumento do limite do teto do Simples Nacional<\/em><\/p>\n\n\n<div class=\"wp-block-image\">\n<figure class=\"alignleft size-large is-resized\"><img loading=\"lazy\" decoding=\"async\" src=\"https:\/\/cndl.org.br\/varejosa\/wp-content\/uploads\/2021\/04\/DepDarcideMatos_Pablo-ValadaresC\u00e2maradosDeputados-1024x683.jpg\" alt=\"\" class=\"wp-image-12397\" width=\"408\" height=\"271\"\/><figcaption class=\"wp-element-caption\"><em>O deputado Darci de Matos (PSD-SC) \u00e9 o relator do PL 108\/2021 <\/em><br><em>Foto: Pablo Valadares\/C\u00e2mara dos Deputados<\/em><\/figcaption><\/figure>\n<\/div>\n\n\n<p>A CNDL &#8212; Confedera\u00e7\u00e3o Nacional de Dirigentes Lojistas participar\u00e1 do encontro com empres\u00e1rios, lideran\u00e7as e parlamentares para discutir o parecer final do PLP 108\/2021, que trata do aumento do teto do MEI das micro e pequenas empresas do Simples Nacional.<\/p>\n\n\n\n<p>A reuni\u00e3o, que acontecer\u00e1 amanh\u00e3 (8\/11), na C\u00e2mara dos Deputados, \u00e9 uma iniciativa da FCS &#8212; Frente Parlamentar de Com\u00e9rcio, Servi\u00e7os e Empreendedorismo, que est\u00e1 empenhada em aprovar o texto do relator do projeto, o deputado Darci de Matos (PSD-SC).<\/p>\n\n\n\n<p>O projeto prop\u00f5e o aumento do limite do teto de faturamento anual de R$ 81 mil para R$ 144,9 mil para os microempreendedores individuais com at\u00e9 dois empregados, de R$ 360 mil para R$ 869 mil para as microempresas, e de R$ 4,8 milh\u00f5es para R$ 8,6 milh\u00f5es para as empresas de pequeno porte.<\/p>\n\n\n\n<p>No encontro, o Darci de Matos (PSD-SC) far\u00e1 a apresenta\u00e7\u00e3o de seu parecer e discutir\u00e1 detalhes do projeto. A CNDL \u00e9 defensora da mudan\u00e7a do teto do Simples Nacional. Para o presidente da entidade, Jos\u00e9 C\u00e9sar da Costa, essa \u00e9 uma demanda que beneficia n\u00e3o s\u00f3 milhares de empresas mas o pa\u00eds como um todo.<\/p>\n\n\n\n<p>\u201cHoje, a CNDL n\u00e3o tem d\u00favidas que lutar por uma tabela mais justa \u00e9, acima de tudo, uma a\u00e7\u00e3o estrat\u00e9gica de desenvolvimento econ\u00f4mico e social do Brasil\u201d, opina.<\/p>\n\n\n\n<p>O presidente da CNDL lembra que teto do Simples n\u00e3o \u00e9 reajustado desde 2006 e que o cen\u00e1rio econ\u00f4mico exige uma corre\u00e7\u00e3o na tabela. <\/p>\n\n\n\n<p>\u201cDepois de uma s\u00e9rie de crises, os custos para o empres\u00e1rio aumentaram e o dinheiro foi corro\u00eddo por uma infla\u00e7\u00e3o que alcan\u00e7ou os dois d\u00edgitos\u201d, diz. \u201cHoje, os valores estipulados na tabela do Simples est\u00e3o bem abaixo da realidade e a corre\u00e7\u00e3o \u00e9 fundamental para fomentar o crescimento das micro e pequenas empresas e a gera\u00e7\u00e3o de empregos formais\u201d, diz.<\/p>\n\n\n\n<p>A reuni\u00e3o com os empres\u00e1rios, entidades e parlamentares vai acontecer \u00e0s 17h no Plen\u00e1rio 2 da C\u00e2mara dos Deputados.<\/p>\n","protected":false},"excerpt":{"rendered":"<p>Parlamentares e entidades de com\u00e9rcio e servi\u00e7os v\u00e3o discutir o projeto que prop\u00f5e o aumento do limite do teto do Simples Nacional.<\/p>\n","protected":false},"author":5,"featured_media":17013,"comment_status":"closed","ping_status":"open","sticky":false,"template":"","format":"standard","meta":{"footnotes":""},"categories":[5891],"tags":[247,341,317,288,623,4035,4036,249,250],"class_list":["post-17751","post","type-post","status-publish","format-standard","has-post-thumbnail","hentry","category-empreendedorismo","tag-comercio","tag-economia","tag-empreendedorismo","tag-mei","tag-microempreendedor-individual","tag-pl-108-2021","tag-teto-do-mei","tag-varejo","tag-vendas"],"_links":{"self":[{"href":"https:\/\/cndl.org.br\/varejosa\/wp-json\/wp\/v2\/posts\/17751","targetHints":{"allow":["GET"]}}],"collection":[{"href":"https:\/\/cndl.org.br\/varejosa\/wp-json\/wp\/v2\/posts"}],"about":[{"href":"https:\/\/cndl.org.br\/varejosa\/wp-json\/wp\/v2\/types\/post"}],"author":[{"embeddable":true,"href":"https:\/\/cndl.org.br\/varejosa\/wp-json\/wp\/v2\/users\/5"}],"replies":[{"embeddable":true,"href":"https:\/\/cndl.org.br\/varejosa\/wp-json\/wp\/v2\/comments?post=17751"}],"version-history":[{"count":0,"href":"https:\/\/cndl.org.br\/varejosa\/wp-json\/wp\/v2\/posts\/17751\/revisions"}],"wp:featuredmedia":[{"embeddable":true,"href":"https:\/\/cndl.org.br\/varejosa\/wp-json\/wp\/v2\/media\/17013"}],"wp:attachment":[{"href":"https:\/\/cndl.org.br\/varejosa\/wp-json\/wp\/v2\/media?parent=17751"}],"wp:term":[{"taxonomy":"category","embeddable":true,"href":"https:\/\/cndl.org.br\/varejosa\/wp-json\/wp\/v2\/categories?post=17751"},{"taxonomy":"post_tag","embeddable":true,"href":"https:\/\/cndl.org.br\/varejosa\/wp-json\/wp\/v2\/tags?post=17751"}],"curies":[{"name":"wp","href":"https:\/\/api.w.org\/{rel}","templated":true}]}}