{"id":18259,"date":"2023-01-10T17:18:34","date_gmt":"2023-01-10T20:18:34","guid":{"rendered":"https:\/\/cndl.org.br\/varejosasa\/?p=18259"},"modified":"2026-01-29T10:23:41","modified_gmt":"2026-01-29T13:23:41","slug":"cndl-participa-de-encontro-com-geraldo-alckimin","status":"publish","type":"post","link":"https:\/\/cndl.org.br\/varejosa\/cndl-participa-de-encontro-com-geraldo-alckimin\/","title":{"rendered":"CNDL participa de encontro com Geraldo Alckmin"},"content":{"rendered":"\n<p><em>Reuni\u00e3o organizada pela UNECS teve como objetivo apresentar ao novo ministro da Ind\u00fastria e Com\u00e9rcio e Servi\u00e7os as pautas priorit\u00e1rias do setor e o papel das maiores entidades de livre ades\u00e3o do Brasil<\/em><\/p>\n\n\n\n<p>Representantes das entidades que comp\u00f5em a UNECS (Uni\u00e3o Nacional das Entidades de Com\u00e9rcio e Servi\u00e7os) se reuniram nesta ter\u00e7a-feira (10) com Geraldo Alckmin, vice-presidente da Rep\u00fablica e ministro do MDIC (Minist\u00e9rio do Desenvolvimento, Ind\u00fastria, Com\u00e9rcio e Servi\u00e7os). <\/p>\n\n\n\n<p>A CNDL (Confedera\u00e7\u00e3o Nacional de Dirigentes Lojistas) tamb\u00e9m esteve no encontro, representada pelo presidente da CDL\/DF (C\u00e2mara de Dirigentes Lojistas do Distrito Federal), Wagner Gon\u00e7alves da Silveira J\u00fanior.<\/p>\n\n\n\n<p>A audi\u00eancia foi intermediada pelo deputado Z\u00e9 Neto (PT-BA), que integra a FCS (Frente Parlamentar de Com\u00e9rcio, Servi\u00e7os e Empreendedorismo), e teve como objetivo sedimentar a aproxima\u00e7\u00e3o das maiores entidades de livre ades\u00e3o do Brasil junto ao novo governo.<\/p>\n\n\n\n<p>Durante a reuni\u00e3o, o presidente da ABAD (Associa\u00e7\u00e3o Brasileira de Atacadistas e Distribuidores), Leonardo Miguel Severini, o presidente da AFRAC (Associa\u00e7\u00e3o Brasileira de Tecnologia para o Com\u00e9rcio e Servi\u00e7os), Paulo Eduardo Guimar\u00e3es, e o presidente do conselho da ABRAS (Associa\u00e7\u00e3o Brasileira de Supermercados), Jo\u00e3o Sanzovo, apresentaram as pautas priorit\u00e1rias do setor, relacionadas ao ambiente de neg\u00f3cios, como:<\/p>\n\n\n\n<p>&#8211; A necessidade do aumento do teto do Simples Nacional;<br>&#8211; A necessidade de inclus\u00e3o dos bares e lanchonetes de volta no PERSE (Port. 11.266\/22);<br>&#8211; A redu\u00e7\u00e3o das obriga\u00e7\u00f5es acess\u00f3rias atrav\u00e9s do PLP 178\/2021;<br>&#8211; A Reforma Tribut\u00e1ria;<br>&#8211; A desonera\u00e7\u00e3o da folha de pagamento;<br>&#8211; A preocupa\u00e7\u00e3o do setor com o julgamento do STF sobre as demiss\u00f5es sem justa causa, esta &nbsp;relacionada \u00e0 ades\u00e3o do Brasil \u00e0 conven\u00e7\u00e3o da OIT e a gera\u00e7\u00e3o pelo setor de emprego e renda.<\/p>\n\n\n\n<figure class=\"wp-block-image size-large\"><img loading=\"lazy\" decoding=\"async\" width=\"1024\" height=\"728\" src=\"https:\/\/cndl.org.br\/varejosasa\/wp-content\/uploads\/2023\/01\/ALCKIMIN-1024x728.jpeg\" alt=\"\" class=\"wp-image-18260\" srcset=\"https:\/\/cndl.org.br\/varejosa\/wp-content\/uploads\/2023\/01\/ALCKIMIN-1024x728.jpeg 1024w, https:\/\/cndl.org.br\/varejosa\/wp-content\/uploads\/2023\/01\/ALCKIMIN-300x213.jpeg 300w, https:\/\/cndl.org.br\/varejosa\/wp-content\/uploads\/2023\/01\/ALCKIMIN-768x546.jpeg 768w, https:\/\/cndl.org.br\/varejosa\/wp-content\/uploads\/2023\/01\/ALCKIMIN-1536x1092.jpeg 1536w, https:\/\/cndl.org.br\/varejosa\/wp-content\/uploads\/2023\/01\/ALCKIMIN-600x426.jpeg 600w, https:\/\/cndl.org.br\/varejosa\/wp-content\/uploads\/2023\/01\/ALCKIMIN.jpeg 1600w\" sizes=\"auto, (max-width: 1024px) 100vw, 1024px\" \/><figcaption class=\"wp-element-caption\"><em>Leonardo Severini, Wagner Silveira Jr., Geraldo Alckmin e Z\u00e9 Neto (Foto: Maria Alice Monteiro\/UNECS)<\/em><\/figcaption><\/figure>\n\n\n\n<p><strong>Caminho para o desenvolvimento<\/strong><br>O novo ministro saudou o grupo e previu bons resultados para o futuro. \u201c\u00c9 uma alegria receber o deputado Z\u00e9 Neto e os representantes da UNECS. Esse \u00e9 o bom caminho. O caminho do desenvolvimento, da atra\u00e7\u00e3o de investimento, da gera\u00e7\u00e3o de emprego e renda\u201d, disse o vice-presidente, que elogiou o resultado da reuni\u00e3o e se mostrou aberto ao debate. \u201cTivemos uma discuss\u00e3o muito proveitosa e o setor de com\u00e9rcio e servi\u00e7os pode contar conosco\u201d, garantiu.<\/p>\n\n\n\n<p>Alckmin ressaltou a import\u00e2ncia da recria\u00e7\u00e3o do MDIC, que havia sido extinto. \u201cO presidente Lula recriou o minist\u00e9rio da Ind\u00fastria e Com\u00e9rcio e Servi\u00e7os para que possamos estimular o emprego, a renda e o desenvolvimento\u201d, disse. \u201cAssim teremos um pa\u00eds mais justo, com menos desigualdade e mais oportunidade\u201d, destacou.<\/p>\n\n\n\n<p>O novo ministro tamb\u00e9m ressaltou a necessidade de di\u00e1logo entre o setor produtivo, o parlamento e o governo. \u201cVamos trabalhar em parceria. Quem ouve mais, erra menos\u201d, falou. \u201cE vamos fazer isso permanentemente em interlocu\u00e7\u00e3o com o Parlamento e o setor produtivo, especialmente o setor de Com\u00e9rcio e Servi\u00e7os, que \u00e9 o grande gerador de emprego e renda no mundo inteiro, especialmente no Brasil. Podem contar conosco!\u201d, refor\u00e7ou Geraldo Alckmin.<\/p>\n\n\n\n<p>Leonardo Severini, presidente da Abad, agradeceu o vice-presidente, em nome da UNECS, e garantiu uma parceria proveitosa para avan\u00e7ar em pautas de interesse do setor. \u201cTenho certeza que teremos muitos pontos para serem discutidos e n\u00f3s para serem desatados\u201d, disse.<\/p>\n","protected":false},"excerpt":{"rendered":"<p>Reuni\u00e3o organizada pela UNECS teve como objetivo apresentar ao novo ministro da Ind\u00fastria e Com\u00e9rcio e Servi\u00e7os as pautas priorit\u00e1rias do setor e o papel das maiores entidades de livre ades\u00e3o do Brasil.<\/p>\n","protected":false},"author":5,"featured_media":18266,"comment_status":"closed","ping_status":"open","sticky":false,"template":"","format":"standard","meta":{"footnotes":""},"categories":[5891],"tags":[247,341,317,1124,2337,1061,626,1107,249],"class_list":["post-18259","post","type-post","status-publish","format-standard","has-post-thumbnail","hentry","category-empreendedorismo","tag-comercio","tag-economia","tag-empreendedorismo","tag-frente-parlamentar-de-comercio-e-servico","tag-geraldo-alckimin","tag-mdic","tag-renda","tag-unecs","tag-varejo"],"_links":{"self":[{"href":"https:\/\/cndl.org.br\/varejosa\/wp-json\/wp\/v2\/posts\/18259","targetHints":{"allow":["GET"]}}],"collection":[{"href":"https:\/\/cndl.org.br\/varejosa\/wp-json\/wp\/v2\/posts"}],"about":[{"href":"https:\/\/cndl.org.br\/varejosa\/wp-json\/wp\/v2\/types\/post"}],"author":[{"embeddable":true,"href":"https:\/\/cndl.org.br\/varejosa\/wp-json\/wp\/v2\/users\/5"}],"replies":[{"embeddable":true,"href":"https:\/\/cndl.org.br\/varejosa\/wp-json\/wp\/v2\/comments?post=18259"}],"version-history":[{"count":0,"href":"https:\/\/cndl.org.br\/varejosa\/wp-json\/wp\/v2\/posts\/18259\/revisions"}],"wp:featuredmedia":[{"embeddable":true,"href":"https:\/\/cndl.org.br\/varejosa\/wp-json\/wp\/v2\/media\/18266"}],"wp:attachment":[{"href":"https:\/\/cndl.org.br\/varejosa\/wp-json\/wp\/v2\/media?parent=18259"}],"wp:term":[{"taxonomy":"category","embeddable":true,"href":"https:\/\/cndl.org.br\/varejosa\/wp-json\/wp\/v2\/categories?post=18259"},{"taxonomy":"post_tag","embeddable":true,"href":"https:\/\/cndl.org.br\/varejosa\/wp-json\/wp\/v2\/tags?post=18259"}],"curies":[{"name":"wp","href":"https:\/\/api.w.org\/{rel}","templated":true}]}}