{"id":18280,"date":"2023-01-12T12:53:39","date_gmt":"2023-01-12T15:53:39","guid":{"rendered":"https:\/\/cndl.org.br\/varejosasa\/?p=18280"},"modified":"2024-01-18T17:44:29","modified_gmt":"2024-01-18T20:44:29","slug":"5-dicas-do-sebrae-para-colocar-o-seu-negocio-em-ritmo-de-carnaval","status":"publish","type":"post","link":"https:\/\/cndl.org.br\/varejosa\/5-dicas-do-sebrae-para-colocar-o-seu-negocio-em-ritmo-de-carnaval\/","title":{"rendered":"5 dicas do Sebrae para colocar o seu neg\u00f3cio em ritmo de Carnaval"},"content":{"rendered":"\n<p>\u00c9 costume do brasileiro dizer que o novo ano s\u00f3 come\u00e7a mesmo ap\u00f3s o Carnaval. Em 2023, a data comemorativa acontece nos dias 20 e 21 de fevereiro e promete movimentar a economia brasileira. Depois das dificuldades causadas pelos impactos da pandemia, os pequenos neg\u00f3cios podem enxergar a folia como uma grande oportunidade de alavancar as vendas.<\/p>\n\n\n\n<p>Este per\u00edodo do ano sempre foi tradicionalmente favor\u00e1vel aos neg\u00f3cios, sobretudo em 2022, quando finalmente os tradicionais blocos carnavalescos voltar\u00e3o para as ruas. Para entrar na dan\u00e7a junto com os foli\u00f5es, as micro e pequenas empresas precisam investir em um bom planejamento.<\/p>\n\n\n\n<p>O Carnaval envolve uma cadeia de neg\u00f3cios como bares, restaurantes, confec\u00e7\u00f5es de roupas e acess\u00f3rios. De acordo com o gerente de Relacionamento com o Cliente do Sebrae, Enio Pinto, o ac\u00famulo de acontecimentos e datas comemorativas no \u00faltimo semestre \u2013 Copa do Mundo, processo eleitoral, Halloween e Natal \u2013 serviu como experi\u00eancia pr\u00e9via para que, agora, os empres\u00e1rios aproveitem tamb\u00e9m a oportunidade do carnaval a fim de aumentar seus lucros.<\/p>\n\n\n\n<p>\u201cAs empresas que atuam no Carnaval com acess\u00f3rios, fantasias e tudo o mais pegaram carona nessas datas especiais e grandes movimentos para fabricar produtos tem\u00e1ticos tamb\u00e9m para outras festividades. Essa sequ\u00eancia de grandes eventos ajudou a aquecer esse mercado como um todo\u201d, avalia.<\/p>\n\n\n\n<p>Para orientar os empreendedores, o Sebrae preparou cinco dicas que podem guiar a sua empresa no ritmo da folia para o faturamento no Carnaval. Confira:<\/p>\n\n\n\n<ol class=\"wp-block-list\">\n<li>Capacite sua empresa no marketing digital para melhorar as vendas on-line e a presen\u00e7a digital nas redes sociais;<\/li>\n\n\n\n<li>Tenha uma boa negocia\u00e7\u00e3o com fornecedores: quem compra bem vende melhor ainda. Al\u00e9m disso, invista na variedade e quantidade de produtos e diferentes op\u00e7\u00f5es de fornecedores;<\/li>\n\n\n\n<li>Treine o seu time para fazer um atendimento em larga escala neste per\u00edodo, incluindo comiss\u00f5es especiais para os vendedores;<\/li>\n\n\n\n<li>Crie um ambiente que gere uma boa experi\u00eancia para o seu cliente, pense que o consumidor quer ser bem atendido e alguns detalhes como decora\u00e7\u00e3o, som ambiente e brindes podem ser um diferencial;<\/li>\n\n\n\n<li>Por fim, pense em parcerias externas com lojas, pousadas, bares e restaurantes que recebem o mesmo p\u00fablico de interesse do seu neg\u00f3cio.<\/li>\n<\/ol>\n","protected":false},"excerpt":{"rendered":"<p>Especialista elenca a\u00e7\u00f5es que podem favorecer e alavancar as vendas neste per\u00edodo t\u00e3o aguardado pelos brasileiros.<\/p>\n","protected":false},"author":11,"featured_media":18281,"comment_status":"closed","ping_status":"open","sticky":false,"template":"","format":"standard","meta":{"footnotes":""},"categories":[1836],"tags":[927,247,1840,341,317,1841,249,250],"class_list":["post-18280","post","type-post","status-publish","format-standard","has-post-thumbnail","hentry","category-marketing-e-vendas","tag-carnaval","tag-comercio","tag-datas-comemorativas","tag-economia","tag-empreendedorismo","tag-eventos-sazonais","tag-varejo","tag-vendas"],"_links":{"self":[{"href":"https:\/\/cndl.org.br\/varejosa\/wp-json\/wp\/v2\/posts\/18280","targetHints":{"allow":["GET"]}}],"collection":[{"href":"https:\/\/cndl.org.br\/varejosa\/wp-json\/wp\/v2\/posts"}],"about":[{"href":"https:\/\/cndl.org.br\/varejosa\/wp-json\/wp\/v2\/types\/post"}],"author":[{"embeddable":true,"href":"https:\/\/cndl.org.br\/varejosa\/wp-json\/wp\/v2\/users\/11"}],"replies":[{"embeddable":true,"href":"https:\/\/cndl.org.br\/varejosa\/wp-json\/wp\/v2\/comments?post=18280"}],"version-history":[{"count":0,"href":"https:\/\/cndl.org.br\/varejosa\/wp-json\/wp\/v2\/posts\/18280\/revisions"}],"wp:featuredmedia":[{"embeddable":true,"href":"https:\/\/cndl.org.br\/varejosa\/wp-json\/wp\/v2\/media\/18281"}],"wp:attachment":[{"href":"https:\/\/cndl.org.br\/varejosa\/wp-json\/wp\/v2\/media?parent=18280"}],"wp:term":[{"taxonomy":"category","embeddable":true,"href":"https:\/\/cndl.org.br\/varejosa\/wp-json\/wp\/v2\/categories?post=18280"},{"taxonomy":"post_tag","embeddable":true,"href":"https:\/\/cndl.org.br\/varejosa\/wp-json\/wp\/v2\/tags?post=18280"}],"curies":[{"name":"wp","href":"https:\/\/api.w.org\/{rel}","templated":true}]}}