{"id":18290,"date":"2023-01-13T11:11:31","date_gmt":"2023-01-13T14:11:31","guid":{"rendered":"https:\/\/cndl.org.br\/varejosasa\/?p=18290"},"modified":"2024-02-04T13:27:04","modified_gmt":"2024-02-04T16:27:04","slug":"ibc-br-registra-queda-de-055-em-novembro","status":"publish","type":"post","link":"https:\/\/cndl.org.br\/varejosa\/ibc-br-registra-queda-de-055-em-novembro\/","title":{"rendered":"IBC-Br registra queda de 0,55% em novembro"},"content":{"rendered":"\n<p><em>Considerado pr\u00e9via do PIB, \u00edndice teve alta no acumulado do ano<\/em><br><br>A atividade econ\u00f4mica brasileira registrou queda de 0,55% em novembro, na compara\u00e7\u00e3o com outubro, de acordo com dados divulgados hoje (13) pelo Banco Central (BC). No acumulado do ano, o \u00cdndice de Atividade Econ\u00f4mica do Banco Central (IBC-Br), considerado uma pr\u00e9via do Produto Interno Bruto (PIB), teve alta de 3,26%.<\/p>\n\n\n\n<p>Na compara\u00e7\u00e3o com novembro do ano anterior, o IBC-Br apresentou crescimento de 1,65%. Em 12 meses, o \u00edndice registrou alta de 3,15%. Os dados s\u00e3o dessazonalizados, ou seja, desconsideram diferen\u00e7as de feriados e de oscila\u00e7\u00f5es da atividade econ\u00f4mica, t\u00edpicas de determinadas \u00e9pocas do ano.<\/p>\n\n\n\n<p>De outubro para novembro, o \u00edndice calculado pelo BC passou de 143,85 pontos para 143,06 pontos na s\u00e9rie dessazonalizada.<\/p>\n\n\n\n<p>O ICB-Br \u00e9 uma forma de avaliar a evolu\u00e7\u00e3o da atividade econ\u00f4mica brasileira e ajudar o BC a tomar decis\u00f5es sobre a taxa b\u00e1sica de juros, a Selic, definida atualmente em 13,75% ao ano.<\/p>\n\n\n\n<p>Segundo o Banco Central, o \u00edndice terminou o trimestre de 2022, encerrado em novembro, com queda 0,68%, isso na compara\u00e7\u00e3o com o trimestre anterior e considerando os dados dessazonalizados. Na compara\u00e7\u00e3o com o mesmo trimestre do ano passado, o IBC-Br apresentou alta de 3,32%.<\/p>\n\n\n\n<p><em>Fonte: Ag\u00eancia Brasil<\/em><\/p>\n","protected":false},"excerpt":{"rendered":"<p>Considerado pr\u00e9via do PIB, \u00edndice teve alta no acumulado do ano.<\/p>\n","protected":false},"author":9,"featured_media":18291,"comment_status":"closed","ping_status":"open","sticky":false,"template":"","format":"standard","meta":{"footnotes":""},"categories":[26],"tags":[1054,341,317,1055,304],"class_list":["post-18290","post","type-post","status-publish","format-standard","has-post-thumbnail","hentry","category-negocios-e-economia","tag-atividades-economicas","tag-economia","tag-empreendedorismo","tag-ibc-br","tag-pib"],"_links":{"self":[{"href":"https:\/\/cndl.org.br\/varejosa\/wp-json\/wp\/v2\/posts\/18290","targetHints":{"allow":["GET"]}}],"collection":[{"href":"https:\/\/cndl.org.br\/varejosa\/wp-json\/wp\/v2\/posts"}],"about":[{"href":"https:\/\/cndl.org.br\/varejosa\/wp-json\/wp\/v2\/types\/post"}],"author":[{"embeddable":true,"href":"https:\/\/cndl.org.br\/varejosa\/wp-json\/wp\/v2\/users\/9"}],"replies":[{"embeddable":true,"href":"https:\/\/cndl.org.br\/varejosa\/wp-json\/wp\/v2\/comments?post=18290"}],"version-history":[{"count":0,"href":"https:\/\/cndl.org.br\/varejosa\/wp-json\/wp\/v2\/posts\/18290\/revisions"}],"wp:featuredmedia":[{"embeddable":true,"href":"https:\/\/cndl.org.br\/varejosa\/wp-json\/wp\/v2\/media\/18291"}],"wp:attachment":[{"href":"https:\/\/cndl.org.br\/varejosa\/wp-json\/wp\/v2\/media?parent=18290"}],"wp:term":[{"taxonomy":"category","embeddable":true,"href":"https:\/\/cndl.org.br\/varejosa\/wp-json\/wp\/v2\/categories?post=18290"},{"taxonomy":"post_tag","embeddable":true,"href":"https:\/\/cndl.org.br\/varejosa\/wp-json\/wp\/v2\/tags?post=18290"}],"curies":[{"name":"wp","href":"https:\/\/api.w.org\/{rel}","templated":true}]}}