{"id":18820,"date":"2023-03-20T15:12:00","date_gmt":"2023-03-20T18:12:00","guid":{"rendered":"https:\/\/cndl.org.br\/varejosasa\/?p=18820"},"modified":"2026-01-29T10:22:17","modified_gmt":"2026-01-29T13:22:17","slug":"gdf-e-cmec-assinam-protocolo-de-cooperacao-para-estimulo-ao-empreendedorismo-feminino","status":"publish","type":"post","link":"https:\/\/cndl.org.br\/varejosa\/gdf-e-cmec-assinam-protocolo-de-cooperacao-para-estimulo-ao-empreendedorismo-feminino\/","title":{"rendered":"GDF e CMEC assinam protocolo de coopera\u00e7\u00e3o para est\u00edmulo ao empreendedorismo feminino"},"content":{"rendered":"\n<p>O GDF (Governo do Distrito Federal) assinou o protocolo de acordo de coopera\u00e7\u00e3o \u201cQualifica Mulher\u201d, na semana passada, com o objetivo de unir for\u00e7as para capacitar, dar acesso ao cr\u00e9dito e at\u00e9 discutir a cria\u00e7\u00e3o de um Refis para a renegocia\u00e7\u00e3o de d\u00edvidas das empreendedoras do DF. O acontecimento ocorreu durante o evento \u201cMentalidade Empreendedora da Mulher\u201d, realizado pelo CMEC (Conselho Nacional da Mulher Empreendedora e da Cultura), da CACB (Confedera\u00e7\u00e3o das Associa\u00e7\u00f5es Comerciais e Empresariais do Brasil), em parceria com a secretaria da Mulher do DF.<\/p>\n\n\n\n<p>Estiveram presentes no evento o presidente do Sebrae Nacional, Carlos Melles, a deputada distrital Paula Belmonte (Cidadania-DF), a deputada federal Bia Kicis (PL-DF), a secret\u00e1ria de estado da Mulher do DF, Giselle Ferreira, a presidente do CMEC, Ana Claudia Badra Cotait, a superintendente do Sebrae-DF, Rosemary Rainha e o presidente da CACB, Alfredo Cotait.<\/p>\n\n\n\n<p>A superintendente do Sebrae-DF, Rosemary Rainha, colocou a institui\u00e7\u00e3o \u00e0 disposi\u00e7\u00e3o para a amplia\u00e7\u00e3o de projetos e parcerias. \u201cO Sebrae est\u00e1 ao lado de voc\u00eas, ao lado do CMEC, e vamos fazer o que for poss\u00edvel no DF\u201d. O presidente do Sebrae Nacional, Carlos Melles, confirmou o apoio \u00e0 causa.<\/p>\n\n\n\n<blockquote class=\"wp-block-quote is-layout-flow wp-block-quote-is-layout-flow\">\n<p><\/p>\n<cite>&#8220;N\u00e3o h\u00e1 trabalho mais realizador do que incluir as pessoas na sociedade. Honrar o nome, mas, sobretudo, o sobrenome. Estamos fazendo o Sebrae que o Brasil precisa&#8221;, disse Melles.<\/cite><\/blockquote>\n\n\n\n<p>Durante o encontro, a presidente do CMEC agradeceu as presen\u00e7as e empossou cinco representantes do Conselho em Regi\u00f5es Administrativas do DF. Durante sua fala, ela destacou que o projeto assinado \u00e9 uma a\u00e7\u00e3o necess\u00e1ria e inovadora que vai transformar o cen\u00e1rio do empreendedorismo do DF. \u201cEstamos conseguindo realmente desenvolver esse projeto e atingir o Brasil, que \u00e9 nosso intuito. Esse protocolo de inten\u00e7\u00f5es, e todas as a\u00e7\u00f5es que vamos come\u00e7ar, v\u00e3o capilarizar, fortalecer, qualificar e ajudar a mulher a crescer\u201d, defendeu Ana Claudia Badra Cotait.<\/p>\n\n\n\n<p>A secret\u00e1ria da Mulher, Giselle Ferreira, lembrou da triste realidade do Brasil que assassina mulheres \u201cpor serem mulheres\u201d, em refer\u00eancia aos 9 casos de feminic\u00eddio registrados em 2023 no DF. Para ela, o fomento ao empreendedorismo \u00e9 uma das principais formas de se combater essa realidade. \u201cN\u00f3s s\u00f3 vamos mudar com empreendedorismo e capacita\u00e7\u00e3o\u201d, disse.<\/p>\n\n\n\n<p>A deputada distrital Paula Belmonte (Cidadania-DF) destacou a import\u00e2ncia do pensamento empreendedor desde a educa\u00e7\u00e3o. \u201cEsse conv\u00eanio vai trazer oportunidade para mulheres terem esse pensamento empreendedor na nossa casa, passando para nossos filhos, e transformando a realidade\u201d, destacou. A deputada Federal, Bia Kicis, refor\u00e7ou sua persist\u00eancia na luta pela causa feminina. \u201cTemos muitos obst\u00e1culos para serem superados, mas n\u00f3s n\u00e3o iremos desistir. N\u00f3s somos essa for\u00e7a ao lado de voc\u00eas\u201d, brandou.<\/p>\n\n\n\n<p>O presidente da CACB, Alfredo Cotait, durante sua fala de abertura, destacou o trabalho realizado pelo CMEC e posicionou a import\u00e2ncia do empreendedorismo feminino na cria\u00e7\u00e3o de um Brasil melhor. \u201c\u00c9 muito importante que a gente estimule essas mulheres a crescerem, buscarem a amplia\u00e7\u00e3o dos seus neg\u00f3cios e terem sua liberdade financeira garantida. Isso, inclusive, pode ajud\u00e1-las a fugir de situa\u00e7\u00f5es de vulnerabilidade\u201d, apontou Cotait.<\/p>\n","protected":false},"excerpt":{"rendered":"<p>Durante evento realizado pelo Conselho Nacional da Mulher Empreendedora e da Cultura da CACB, em parceria com a secretaria da Mulher, empres\u00e1rias do DF se reuniram para a assinatura do termo<\/p>\n","protected":false},"author":11,"featured_media":18821,"comment_status":"closed","ping_status":"open","sticky":false,"template":"","format":"standard","meta":{"footnotes":""},"categories":[5891],"tags":[1063,1493,2371],"class_list":["post-18820","post","type-post","status-publish","format-standard","has-post-thumbnail","hentry","category-empreendedorismo","tag-empreendedorismo-feminino","tag-mulheres-no-varejo","tag-qualifica-mulher"],"_links":{"self":[{"href":"https:\/\/cndl.org.br\/varejosa\/wp-json\/wp\/v2\/posts\/18820","targetHints":{"allow":["GET"]}}],"collection":[{"href":"https:\/\/cndl.org.br\/varejosa\/wp-json\/wp\/v2\/posts"}],"about":[{"href":"https:\/\/cndl.org.br\/varejosa\/wp-json\/wp\/v2\/types\/post"}],"author":[{"embeddable":true,"href":"https:\/\/cndl.org.br\/varejosa\/wp-json\/wp\/v2\/users\/11"}],"replies":[{"embeddable":true,"href":"https:\/\/cndl.org.br\/varejosa\/wp-json\/wp\/v2\/comments?post=18820"}],"version-history":[{"count":0,"href":"https:\/\/cndl.org.br\/varejosa\/wp-json\/wp\/v2\/posts\/18820\/revisions"}],"wp:featuredmedia":[{"embeddable":true,"href":"https:\/\/cndl.org.br\/varejosa\/wp-json\/wp\/v2\/media\/18821"}],"wp:attachment":[{"href":"https:\/\/cndl.org.br\/varejosa\/wp-json\/wp\/v2\/media?parent=18820"}],"wp:term":[{"taxonomy":"category","embeddable":true,"href":"https:\/\/cndl.org.br\/varejosa\/wp-json\/wp\/v2\/categories?post=18820"},{"taxonomy":"post_tag","embeddable":true,"href":"https:\/\/cndl.org.br\/varejosa\/wp-json\/wp\/v2\/tags?post=18820"}],"curies":[{"name":"wp","href":"https:\/\/api.w.org\/{rel}","templated":true}]}}