{"id":18993,"date":"2023-03-30T11:12:23","date_gmt":"2023-03-30T14:12:23","guid":{"rendered":"https:\/\/cndl.org.br\/varejosasa\/?p=18993"},"modified":"2024-02-04T14:53:48","modified_gmt":"2024-02-04T17:53:48","slug":"esg-784-das-empresas-brasileiras-ja-aderiram-a-agenda-aponta-pacto-global-da-onu","status":"publish","type":"post","link":"https:\/\/cndl.org.br\/varejosa\/esg-784-das-empresas-brasileiras-ja-aderiram-a-agenda-aponta-pacto-global-da-onu\/","title":{"rendered":"ESG: 78,4% das empresas brasileiras j\u00e1 aderiram \u00e0 agenda, aponta Pacto Global da ONU"},"content":{"rendered":"\n<p>Uma pesquisa realizada pelo Pacto Global da ONU (Organiza\u00e7\u00e3o das Na\u00e7\u00f5es Unida) no Brasil revela que 78,4% das empresas no pa\u00eds j\u00e1 adotaram a agenda ESG. Essa \u00e9 a sigla para environmental, social and governance, que em portugu\u00eas significa ambiental, social e governan\u00e7a. Essa iniciativa representa um conjunto de pr\u00e1ticas e pol\u00edticas que empresas podem adotar para promover a sustentabilidade e a responsabilidade social nos neg\u00f3cios.<\/p>\n\n\n\n<p>O estudo tamb\u00e9m aponta os principais motivos das organiza\u00e7\u00f5es adotarem a agenda ESG em suas opera\u00e7\u00f5es. Entre as principais raz\u00f5es est\u00e1 a preocupa\u00e7\u00e3o com os impactos ambientais e a promo\u00e7\u00e3o de uma economia sustent\u00e1vel. No entanto, o levantamento evidencia que para 70% das empresas o maior impacto tem sido na reputa\u00e7\u00e3o e imagem, como explica a gerente de conhecimento do Pacto Global da ONU no Brasil, Gabriela Rozman.<\/p>\n\n\n\n<p>\u201cIsso se deve ao fato de que os consumidores agora est\u00e3o exigindo mais do que produtos, servi\u00e7os, [as empresas] n\u00e3o sejam \u00fanica e exclusivamente voltadas para o lucro, mas que tamb\u00e9m tenham uma contribui\u00e7\u00e3o social e ambientalmente respons\u00e1vel\u201d, afirma Rozman.<\/p>\n\n\n\n<p>Uma das empresas do ramo aliment\u00edcio que se preocupa com a sustentabilidade \u00e9 o neg\u00f3cio brasiliense Food Flow. A empresa, aberta h\u00e1 tr\u00eas anos, nasceu com o prop\u00f3sito da sustentabilidade como um dos seus principais pilares. O CEO da Food Flow, Carlos Victor Mendes, explica que a empresa surgiu com a ideia de evitar o desperd\u00edcio de alimentos. Funciona da seguinte forma: por meio do aplicativo, o cliente escolhe refei\u00e7\u00f5es e alimentos que est\u00e3o perto do vencimento, e conseguem desconto de, no m\u00ednimo, 50% pelo produto. Mendes explica que a preocupa\u00e7\u00e3o com o meio ambiente tamb\u00e9m \u00e9 uma vantagem competitiva para os neg\u00f3cios.<\/p>\n\n\n\n<p>&#8220;Isso fez com que a gente desenvolvesse uma empresa de grande potencial, de um valor de escabilidade imenso, onde a gente consegue n\u00e3o s\u00f3 sensibilizar as pessoas da import\u00e2ncia do combate ao desperd\u00edcio, da import\u00e2ncia da sustentabilidade, como tamb\u00e9m mostrar para a sociedade que a sustentabilidade \u00e9 a vez, \u00e9 o que a gente precisa e que traz vantagem competitiva para qualquer neg\u00f3cio&#8221;, afirma o CEO da empresa.<\/p>\n\n\n\n<p><strong>Mudan\u00e7a de mentalidade<\/strong><br>Apesar de as empresas que n\u00e3o adotam essa pr\u00e1tica relatarem n\u00e3o ter sofrido impactos negativos por esse motivo ou san\u00e7\u00f5es (67,4%), o\u00a0levantamento mostra que esse cen\u00e1rio pode estar mudando. Entre as entrevistadas,\u00a08,9% relataram ter perdido neg\u00f3cios ou consumidores, 4,2% perderam valor de mercado e 3,7% tiveram dificuldade de acesso a linhas de financiamento. O impacto negativo mais acentuado foi o menor engajamento de funcion\u00e1rios e a dificuldade de atra\u00e7\u00e3o de talentos (13,2%).<\/p>\n\n\n\n<p>\u201cApesar da gente observar essas mudan\u00e7as, elas ainda s\u00e3o pequenas, no entanto. A gente precisa de mais ambi\u00e7\u00e3o por parte das empresas para transformarem a realidade, novas tecnologias, inova\u00e7\u00e3o e uma cultura mais coletiva e menos individualista. Ainda h\u00e1 muito espa\u00e7o para evoluirmos\u201d, diz Rozman.<\/p>\n\n\n\n<p>De acordo com uma outra pesquisa sobre o tema,\u00a0realizada pela CNI (Confedera\u00e7\u00e3o Nacional da Ind\u00fastria), cerca de 85% das ind\u00fastrias brasileiras j\u00e1 aderiram\u00a0ou pretendem implementar os crit\u00e9rios ESG em seus processos de produ\u00e7\u00e3o. A pesquisa foi realizada com mil empres\u00e1rios do setor.<\/p>\n\n\n\n<p>Os empres\u00e1rios que disseram que a ado\u00e7\u00e3o desses crit\u00e9rios n\u00e3o faz parte da estrat\u00e9gia ou n\u00e3o est\u00e1 em planejamento para implementa\u00e7\u00e3o nas empresas correspondem a apenas 13% dos entrevistados.<\/p>\n\n\n\n<p>Outro dado importante revelado pela pesquisa \u00e9 que nove em cada dez empres\u00e1rios consideram os crit\u00e9rios ESG muito importantes para os seus neg\u00f3cios. Em pesquisa realizada em 2021, cerca de oito em cada dez empres\u00e1rios tinham a mesma opini\u00e3o sobre a agenda.<\/p>\n\n\n\n<p>A pesquisa aponta ainda que cerca de 65% dos industriais indicaram&nbsp;como primeira ou segunda op\u00e7\u00e3o que as iniciativas sociais, relativas ao impacto social na comunidade s\u00e3o as mais importantes para as suas empresas.&nbsp;<\/p>\n\n\n\n<p><strong>O que \u00e9 a agenda ESG<\/strong><br>De acordo com a professora e coordenadora do Post MBA em ESG do COPPEAD da UFRJ (Universidade Federal do Rio de Janeiro), Fl\u00e1via Maranho Ponce de Leon, o termo ESG foi apontado pela primeira vez em uma publica\u00e7\u00e3o de 2004 do Pacto Global da ONU em parceria com o Banco Mundial, chamada Who Cares Wins.\u00a0<\/p>\n\n\n\n<p>\u201cSurgiu de uma provoca\u00e7\u00e3o do secret\u00e1rio-geral da ONU, Kofi Annan, \u00e0s 50 principais institui\u00e7\u00f5es financeiras do mundo a refletirem sobre formas de integrar fatores ambientais, sociais e de governan\u00e7a no mercado de capitais\u201d, diz Leon.<\/p>\n\n\n\n<p>Segundo Leon, em muitas situa\u00e7\u00f5es, o conceito de sustentabilidade \u2013 que trata de forma integrada o sistema composto pelo meio ambiente, a sociedade e a economia \u2013 tem sido simplesmente substitu\u00eddo pela sigla ESG, que traduz uma perspectiva de neg\u00f3cios sobre esse sistema.<\/p>\n\n\n\n<p><em>Fonte: <a href=\"https:\/\/brasil61.com\/n\/esg-78-4-das-empresas-brasileiras-ja-aderiram-a-agenda-aponta-pacto-global-da-onu-pind233876\" data-type=\"URL\" data-id=\"https:\/\/brasil61.com\/n\/esg-78-4-das-empresas-brasileiras-ja-aderiram-a-agenda-aponta-pacto-global-da-onu-pind233876\">Brasil 61<\/a><\/em><\/p>\n","protected":false},"excerpt":{"rendered":"<p>Pesquisa foi feita para tra\u00e7ar panorama sobre temas ambientais, sociais e de governan\u00e7a nas organiza\u00e7\u00f5es. Levantamento foi feito em parceria com plataforma de monitoramento digital Stilingue e consultoria Falconi<\/p>\n","protected":false},"author":7,"featured_media":18994,"comment_status":"closed","ping_status":"open","sticky":false,"template":"","format":"standard","meta":{"footnotes":""},"categories":[51],"tags":[1484,247,341,1350,249],"class_list":["post-18993","post","type-post","status-publish","format-standard","has-post-thumbnail","hentry","category-inovacao","tag-agenda-esg","tag-comercio","tag-economia","tag-esg","tag-varejo"],"_links":{"self":[{"href":"https:\/\/cndl.org.br\/varejosa\/wp-json\/wp\/v2\/posts\/18993","targetHints":{"allow":["GET"]}}],"collection":[{"href":"https:\/\/cndl.org.br\/varejosa\/wp-json\/wp\/v2\/posts"}],"about":[{"href":"https:\/\/cndl.org.br\/varejosa\/wp-json\/wp\/v2\/types\/post"}],"author":[{"embeddable":true,"href":"https:\/\/cndl.org.br\/varejosa\/wp-json\/wp\/v2\/users\/7"}],"replies":[{"embeddable":true,"href":"https:\/\/cndl.org.br\/varejosa\/wp-json\/wp\/v2\/comments?post=18993"}],"version-history":[{"count":0,"href":"https:\/\/cndl.org.br\/varejosa\/wp-json\/wp\/v2\/posts\/18993\/revisions"}],"wp:featuredmedia":[{"embeddable":true,"href":"https:\/\/cndl.org.br\/varejosa\/wp-json\/wp\/v2\/media\/18994"}],"wp:attachment":[{"href":"https:\/\/cndl.org.br\/varejosa\/wp-json\/wp\/v2\/media?parent=18993"}],"wp:term":[{"taxonomy":"category","embeddable":true,"href":"https:\/\/cndl.org.br\/varejosa\/wp-json\/wp\/v2\/categories?post=18993"},{"taxonomy":"post_tag","embeddable":true,"href":"https:\/\/cndl.org.br\/varejosa\/wp-json\/wp\/v2\/tags?post=18993"}],"curies":[{"name":"wp","href":"https:\/\/api.w.org\/{rel}","templated":true}]}}