{"id":19019,"date":"2023-03-31T07:03:00","date_gmt":"2023-03-31T10:03:00","guid":{"rendered":"https:\/\/cndl.org.br\/varejosasa\/?p=19019"},"modified":"2024-01-18T14:58:02","modified_gmt":"2024-01-18T17:58:02","slug":"credito-deve-crescer-76-neste-ano-preve-banco-central","status":"publish","type":"post","link":"https:\/\/cndl.org.br\/varejosa\/credito-deve-crescer-76-neste-ano-preve-banco-central\/","title":{"rendered":"Cr\u00e9dito deve crescer 7,6% neste ano, prev\u00ea Banco Central"},"content":{"rendered":"\n<p>O BC (Banco Central) prev\u00ea que o volume de cr\u00e9dito banc\u00e1rio crescer\u00e1 7,6% em 2023, contra previs\u00e3o anterior de 8,3%, divulgada em dezembro do ano passado. A nova proje\u00e7\u00e3o continua indicando \u201cum processo de desacelera\u00e7\u00e3o no ritmo de crescimento do cr\u00e9dito compat\u00edvel com o ciclo de aperto monet\u00e1rio\u201d.<\/p>\n\n\n\n<p>As informa\u00e7\u00f5es s\u00e3o do Relat\u00f3rio de Infla\u00e7\u00e3o, publica\u00e7\u00e3o trimestral do BC, divulgado ontem (30). Segundo o documento, o recuo da proje\u00e7\u00e3o foi determinado pelo cr\u00e9dito livre, que deve apresentar expans\u00e3o de 7,1%. A proje\u00e7\u00e3o anterior era 8,6%.<\/p>\n\n\n\n<p>O cr\u00e9dito livre \u00e9 aquele em que os bancos t\u00eam autonomia para emprestar o dinheiro captado no mercado e definir as taxas de juros cobradas dos clientes. J\u00e1 o cr\u00e9dito direcionado tem regras definidas pelo governo e \u00e9 destinado, basicamente, aos setores habitacional, rural, de infraestrutura e ao microcr\u00e9dito.<\/p>\n\n\n\n<p>Em rela\u00e7\u00e3o \u00e0s PF (pessoas f\u00edsicas), o aumento esperado este ano para o estoque do cr\u00e9dito com recursos livres caiu de 9% para 8%. Segundo o BC, essa revis\u00e3o incorpora o avan\u00e7o da inadimpl\u00eancia e os n\u00edveis elevados de endividamento e comprometimento de renda.<\/p>\n\n\n\n<p>A inadimpl\u00eancia (considerados atrasos acima de 90 dias) ficou em 6,1% em fevereiro, para pessoas f\u00edsica. O endividamento das fam\u00edlias &#8211; rela\u00e7\u00e3o entre o saldo das d\u00edvidas e a renda acumulada em 12 meses &#8211; ficou em 48,8% em janeiro. J\u00e1 o comprometimento da renda &#8211; rela\u00e7\u00e3o entre o valor m\u00e9dio para pagamento das d\u00edvidas e a renda m\u00e9dia apurada no per\u00edodo &#8211; ficou em 27,1% em janeiro.<\/p>\n\n\n\n<p>No caso do cr\u00e9dito livre para empresas, a proje\u00e7\u00e3o foi revisada de 8% para 6%, \u201cj\u00e1 considerando o ambiente de maior avers\u00e3o ao risco no curto prazo em decorr\u00eancia de eventos espec\u00edficos relacionados a empresas de grande porte\u201d.<\/p>\n\n\n\n<p>A desacelera\u00e7\u00e3o do cr\u00e9dito livre foi parcialmente contrabalan\u00e7ada pelo ritmo de crescimento mais forte do cr\u00e9dito direcionado. A proje\u00e7\u00e3o para esse segmento \u00e9 de crescimento de 8,3%, contra a estimativa anterior de 8%. A proje\u00e7\u00e3o para pessoas f\u00edsicas \u00e9 9% e jur\u00eddicas, 7%.<\/p>\n\n\n\n<blockquote class=\"wp-block-quote is-layout-flow wp-block-quote-is-layout-flow\">\n<p><\/p>\n<cite>\u201cOs dados do mercado de cr\u00e9dito divulgados desde o relat\u00f3rio anterior vieram aqu\u00e9m do esperado, em especial nos segmentos com recursos livres, o que contribuiu para que o saldo do cr\u00e9dito encerrasse o ano de 2022 com crescimento interanual de 14%, abaixo da proje\u00e7\u00e3o de 15,1%. A diminui\u00e7\u00e3o no ritmo de crescimento do cr\u00e9dito em rela\u00e7\u00e3o ao registrado em 2021, 16,4%, refletiu o impacto do ciclo de alta da Selic e o arrefecimento da atividade econ\u00f4mica no fim de 2022\u201d, completou o BC.<\/cite><\/blockquote>\n\n\n\n<p><br><strong>Contas externas<\/strong><br>Nas contas externas, a mudan\u00e7a no cen\u00e1rio para o ano de 2023 foi limitada \u00e0s transa\u00e7\u00f5es correntes. A proje\u00e7\u00e3o \u00e9 de d\u00e9ficit menor nas contas, de US$ 49 bilh\u00f5es para US$ 32 bilh\u00f5es. Segundo o BC, a revis\u00e3o decorre da reavalia\u00e7\u00e3o para cima do saldo esperado da balan\u00e7a comercial, de US$ 46 bilh\u00f5es para US$ 62 bilh\u00f5es.<\/p>\n\n\n\n<p>O d\u00e9ficit esperado da conta de servi\u00e7os foi mantido em US$ 36 bilh\u00f5es, abaixo do registrado em 2022 (US$ 40 bilh\u00f5es). \u201cA perspectiva de redu\u00e7\u00e3o em rela\u00e7\u00e3o ao ano anterior reflete menores gastos de transporte resultantes da normaliza\u00e7\u00e3o paulatina nos custos dos modais aero e hidrovi\u00e1rios e redu\u00e7\u00e3o do volume de bens importados. Os gastos de viagens, no entanto, devem ter aumento em rela\u00e7\u00e3o ao ano anterior, retornando a n\u00edveis pr\u00f3ximos ao pr\u00e9-pandemia\u201d, diz o relat\u00f3rio.<\/p>\n\n\n\n<p>Para a conta de renda prim\u00e1ria, espera-se aumento nos gastos l\u00edquidos com juros em 2023, em US$ 25 bilh\u00f5es, relativamente a 2022, quando foram gastos US$ 19 bilh\u00f5es. \u201cTodavia, a redu\u00e7\u00e3o dos estoques de t\u00edtulos no exterior, reflexo dos maiores patamares das taxas b\u00e1sicas de juros nos pa\u00edses desenvolvidos, limita o d\u00e9ficit nessa conta\u201d, explicou o BC. Assim, a previs\u00e3o no d\u00e9ficit em renda prim\u00e1ria passou de US$ 62 bilh\u00f5es para US$ 61 bilh\u00f5es.<\/p>\n\n\n\n<p>Na conta financeira foram mantidas as proje\u00e7\u00f5es, com destaque para a expectativa de mais um ano com entrada l\u00edquida em IDP (investimentos diretos no pa\u00eds) em montante superior ao d\u00e9ficit esperado para as transa\u00e7\u00f5es correntes e se aproximando da m\u00e9dia observada na d\u00e9cada anterior \u00e0 pandemia. A estimativa de IDP em 2023 ficou em US$ 75 bilh\u00f5es.<\/p>\n\n\n\n<p>Quando o pa\u00eds registra saldo negativo em transa\u00e7\u00f5es correntes, precisa cobrir o d\u00e9ficit com investimentos ou empr\u00e9stimos no exterior. A melhor forma de financiamento do saldo negativo \u00e9 o IDP, porque os recursos s\u00e3o aplicados no setor produtivo e costumam ser investimentos de longo prazo.<\/p>\n","protected":false},"excerpt":{"rendered":"<p>Proje\u00e7\u00e3o foi reduzida diante da desacelera\u00e7\u00e3o do cr\u00e9dito<\/p>\n","protected":false},"author":9,"featured_media":19020,"comment_status":"closed","ping_status":"open","sticky":false,"template":"","format":"standard","meta":{"footnotes":""},"categories":[26],"tags":[299,467,341,338],"class_list":["post-19019","post","type-post","status-publish","format-standard","has-post-thumbnail","hentry","category-negocios-e-economia","tag-credito","tag-credito-bancario","tag-economia","tag-microcredito"],"_links":{"self":[{"href":"https:\/\/cndl.org.br\/varejosa\/wp-json\/wp\/v2\/posts\/19019","targetHints":{"allow":["GET"]}}],"collection":[{"href":"https:\/\/cndl.org.br\/varejosa\/wp-json\/wp\/v2\/posts"}],"about":[{"href":"https:\/\/cndl.org.br\/varejosa\/wp-json\/wp\/v2\/types\/post"}],"author":[{"embeddable":true,"href":"https:\/\/cndl.org.br\/varejosa\/wp-json\/wp\/v2\/users\/9"}],"replies":[{"embeddable":true,"href":"https:\/\/cndl.org.br\/varejosa\/wp-json\/wp\/v2\/comments?post=19019"}],"version-history":[{"count":0,"href":"https:\/\/cndl.org.br\/varejosa\/wp-json\/wp\/v2\/posts\/19019\/revisions"}],"wp:featuredmedia":[{"embeddable":true,"href":"https:\/\/cndl.org.br\/varejosa\/wp-json\/wp\/v2\/media\/19020"}],"wp:attachment":[{"href":"https:\/\/cndl.org.br\/varejosa\/wp-json\/wp\/v2\/media?parent=19019"}],"wp:term":[{"taxonomy":"category","embeddable":true,"href":"https:\/\/cndl.org.br\/varejosa\/wp-json\/wp\/v2\/categories?post=19019"},{"taxonomy":"post_tag","embeddable":true,"href":"https:\/\/cndl.org.br\/varejosa\/wp-json\/wp\/v2\/tags?post=19019"}],"curies":[{"name":"wp","href":"https:\/\/api.w.org\/{rel}","templated":true}]}}