{"id":19073,"date":"2023-04-05T10:31:00","date_gmt":"2023-04-05T13:31:00","guid":{"rendered":"https:\/\/cndl.org.br\/varejosasa\/?p=19073"},"modified":"2026-01-29T10:22:09","modified_gmt":"2026-01-29T13:22:09","slug":"sancionada-lei-que-institui-o-dia-nacional-da-mulher-empresaria","status":"publish","type":"post","link":"https:\/\/cndl.org.br\/varejosa\/sancionada-lei-que-institui-o-dia-nacional-da-mulher-empresaria\/","title":{"rendered":"Sancionada lei que institui o Dia Nacional da Mulher Empres\u00e1ria"},"content":{"rendered":"\n<p>O presidente Luiz In\u00e1cio Lula da Silva sancionou a lei que institui o Dia Nacional da Mulher Empres\u00e1ria, em 17 de agosto. A Lei 14.545\/23 foi publicada nesta quarta-feira (5) no Di\u00e1rio Oficial da Uni\u00e3o.<\/p>\n\n\n\n<p>O texto da lei considera mulher empres\u00e1ria aquela que exerce profissionalmente atividade econ\u00f4mica organizada para a produ\u00e7\u00e3o ou a circula\u00e7\u00e3o de bens ou de servi\u00e7os.<\/p>\n\n\n\n<p>A nova norma tem origem em projeto (PL 5680\/16) da deputada Carmen Zanotto (Cidadania-SC). O objetivo, segundo ela, \u00e9 sensibilizar a popula\u00e7\u00e3o para o tema e eliminar barreiras que limitam a trajet\u00f3ria empreendedora das mulheres.<\/p>\n\n\n\n<p>Zanotto afirma que, nas \u00faltimas d\u00e9cadas, houve um aumento da presen\u00e7a de mulheres no mercado de trabalho. No entanto, o papel socialmente atribu\u00eddo a elas, de m\u00e3es e respons\u00e1veis por tarefas dom\u00e9sticas, constitui um obst\u00e1culo para o sucesso.<\/p>\n\n\n\n<p>\u201cPrecisamos de a\u00e7\u00f5es de empoderamento das mulheres e de sensibiliza\u00e7\u00e3o de seus c\u00f4njuges e familiares, com o objetivo de contribuir para o estabelecimento de rela\u00e7\u00f5es mais igualit\u00e1rias e respeitosas\u201d, disse Zanotto.<\/p>\n\n\n\n<p><em>Fonte: Ag\u00eancia C\u00e2mara de Not\u00edcias<\/em><\/p>\n","protected":false},"excerpt":{"rendered":"<p>Data ser\u00e1 comemorada em 17 de agosto. O projeto que deu origem \u00e0 lei foi apresentado por Carmen Zanotto.<\/p>\n","protected":false},"author":13,"featured_media":19074,"comment_status":"closed","ping_status":"open","sticky":false,"template":"","format":"standard","meta":{"footnotes":""},"categories":[5891],"tags":[617,1063,2376,620],"class_list":["post-19073","post","type-post","status-publish","format-standard","has-post-thumbnail","hentry","category-empreendedorismo","tag-empreendedoras","tag-empreendedorismo-feminino","tag-mulher-empresaria","tag-mulheres"],"_links":{"self":[{"href":"https:\/\/cndl.org.br\/varejosa\/wp-json\/wp\/v2\/posts\/19073","targetHints":{"allow":["GET"]}}],"collection":[{"href":"https:\/\/cndl.org.br\/varejosa\/wp-json\/wp\/v2\/posts"}],"about":[{"href":"https:\/\/cndl.org.br\/varejosa\/wp-json\/wp\/v2\/types\/post"}],"author":[{"embeddable":true,"href":"https:\/\/cndl.org.br\/varejosa\/wp-json\/wp\/v2\/users\/13"}],"replies":[{"embeddable":true,"href":"https:\/\/cndl.org.br\/varejosa\/wp-json\/wp\/v2\/comments?post=19073"}],"version-history":[{"count":0,"href":"https:\/\/cndl.org.br\/varejosa\/wp-json\/wp\/v2\/posts\/19073\/revisions"}],"wp:featuredmedia":[{"embeddable":true,"href":"https:\/\/cndl.org.br\/varejosa\/wp-json\/wp\/v2\/media\/19074"}],"wp:attachment":[{"href":"https:\/\/cndl.org.br\/varejosa\/wp-json\/wp\/v2\/media?parent=19073"}],"wp:term":[{"taxonomy":"category","embeddable":true,"href":"https:\/\/cndl.org.br\/varejosa\/wp-json\/wp\/v2\/categories?post=19073"},{"taxonomy":"post_tag","embeddable":true,"href":"https:\/\/cndl.org.br\/varejosa\/wp-json\/wp\/v2\/tags?post=19073"}],"curies":[{"name":"wp","href":"https:\/\/api.w.org\/{rel}","templated":true}]}}