{"id":19113,"date":"2023-04-11T10:35:38","date_gmt":"2023-04-11T13:35:38","guid":{"rendered":"https:\/\/cndl.org.br\/varejosasa\/?p=19113"},"modified":"2026-01-29T10:22:06","modified_gmt":"2026-01-29T13:22:06","slug":"credito-e-chave-para-empreendedorismo-feminino-crescer","status":"publish","type":"post","link":"https:\/\/cndl.org.br\/varejosa\/credito-e-chave-para-empreendedorismo-feminino-crescer\/","title":{"rendered":"Cr\u00e9dito \u00e9 chave para empreendedorismo feminino crescer"},"content":{"rendered":"\n<p>A Comiss\u00e3o de Educa\u00e7\u00e3o (CE) debateu nesta segunda-feira dois projetos&nbsp;que criam a Semana Nacional da Mulher Empreendedora. <\/p>\n\n\n\n<p>Damares enfatizou que o acesso ao cr\u00e9dito ainda \u00e9 o maior desafio para as empres\u00e1rias e empreendedoras, principalmente para as micros e nanoempreendedoras. Por isso, de acordo com a senadora, a cria\u00e7\u00e3o de uma semana nacional voltada a debater o empreendedorismo feminino pode ser importante visando focar mais pol\u00edticas p\u00fablicas e iniciativas na \u00e1rea privada de amplia\u00e7\u00e3o do acesso ao cr\u00e9dito. Damares lembrou do impacto que o fortalecimento do segmento empresarial feminino pode ter na economia real brasileira, j\u00e1 que 47% dos lares hoje s\u00e3o chefiados por mulheres.<\/p>\n\n\n\n<p>De acordo com a chefe de cozinha e professora de gastronomia Ada Silva,&nbsp;a dificuldade de cr\u00e9dito \u00e9 a maior barreira para quem &#8220;come\u00e7a do zero&#8221;. Vice-presidente da Virada Feminina,&nbsp; Alda falou do projeto que coordena na periferia do Distrito Federal de capacita\u00e7\u00e3o de nanoempreendedoras no ramo aliment\u00edcio.<\/p>\n\n\n\n<blockquote class=\"wp-block-quote is-layout-flow wp-block-quote-is-layout-flow\">\n<p><\/p>\n<cite>\u2014 H\u00e1 23 anos a Virada Feminina busca a inclus\u00e3o de nanoempreendedoras, principalmente em regi\u00f5es carentes. E h\u00e1 14 anos presido o Capacitando Vidas, em que capacito mulheres em situa\u00e7\u00e3o de vulnerabilidade para o empreendedorismo. Dou aulas de culin\u00e1ria para milhares de mulheres, pelo curso Fa\u00e7a e Venda, a partir do qual elas podem ent\u00e3o produzir algum g\u00eanero aliment\u00edcio e terem seu nanoneg\u00f3cio rapidamente. J\u00e1 tiramos milhares de mulheres do ciclo da viol\u00eancia e da vulnerabilidade financeira \u2014 disse.<\/cite><\/blockquote>\n\n\n\n<p>A ex-ministra da Mulher, da Fam\u00edlia e dos Direitos Humanos no governo de Jair Bolsonaro, Christiane Brito, lembrou que no in\u00edcio da pandemia de covid-19, o Executivo concedeu R$ 1 bilh\u00e3o para o nanocr\u00e9dito feminino.<\/p>\n\n\n\n<p>A representante do\u00a0CNME (Conselho Nacional da Mulher Empres\u00e1ria), Beatriz Guimar\u00e3es, tamb\u00e9m abordou a for\u00e7a que pol\u00edticas de microcr\u00e9dito podem ter. Ela pediu\u00a0apoio ao PL 1.912\/2022, do deputado Carlos Henrique Gaguim (Uni\u00e3o-TO), que cria o\u00a0Programa de Est\u00edmulo ao Empreendedorismo Feminino. A proposta tramita na C\u00e2mara e ainda n\u00e3o chegou ao Senado.<\/p>\n\n\n\n<p><strong>Mulheres no agro<\/strong><br>A vice-presidente da Comiss\u00e3o Semeadoras do Agro, Juliana Farah, disse que o protagonismo feminino no agro tem crescido. A ONG tem parcerias com sindicatos rurais e s\u00f3 em 2022 realizou mais de 11 mil cursos de capacita\u00e7\u00e3o, diplomando mais de 70 mil empreendedoras. Juliana lembra que o empreendedorismo feminino no agro, setor marcado pela desigualdade de g\u00eanero, representa apenas 7% do empreendedorismo nacional, mas tende a aumentar.\u00a0\u00a0<\/p>\n","protected":false},"excerpt":{"rendered":"<p>A audi\u00eancia foi presidida pela senadora Damares Alves (Republicanos-DF), que relata o PL 443\/2022, da ent\u00e3o senadora Rose de Freitas, e o PL 2.458\/2019, da deputada Paula Belmonte (Cidadania-DF) .<\/p>\n","protected":false},"author":12,"featured_media":19114,"comment_status":"closed","ping_status":"open","sticky":false,"template":"","format":"standard","meta":{"footnotes":""},"categories":[5891],"tags":[1092,341,317,1063],"class_list":["post-19113","post","type-post","status-publish","format-standard","has-post-thumbnail","hentry","category-empreendedorismo","tag-credito-para-mulheres","tag-economia","tag-empreendedorismo","tag-empreendedorismo-feminino"],"_links":{"self":[{"href":"https:\/\/cndl.org.br\/varejosa\/wp-json\/wp\/v2\/posts\/19113","targetHints":{"allow":["GET"]}}],"collection":[{"href":"https:\/\/cndl.org.br\/varejosa\/wp-json\/wp\/v2\/posts"}],"about":[{"href":"https:\/\/cndl.org.br\/varejosa\/wp-json\/wp\/v2\/types\/post"}],"author":[{"embeddable":true,"href":"https:\/\/cndl.org.br\/varejosa\/wp-json\/wp\/v2\/users\/12"}],"replies":[{"embeddable":true,"href":"https:\/\/cndl.org.br\/varejosa\/wp-json\/wp\/v2\/comments?post=19113"}],"version-history":[{"count":0,"href":"https:\/\/cndl.org.br\/varejosa\/wp-json\/wp\/v2\/posts\/19113\/revisions"}],"wp:featuredmedia":[{"embeddable":true,"href":"https:\/\/cndl.org.br\/varejosa\/wp-json\/wp\/v2\/media\/19114"}],"wp:attachment":[{"href":"https:\/\/cndl.org.br\/varejosa\/wp-json\/wp\/v2\/media?parent=19113"}],"wp:term":[{"taxonomy":"category","embeddable":true,"href":"https:\/\/cndl.org.br\/varejosa\/wp-json\/wp\/v2\/categories?post=19113"},{"taxonomy":"post_tag","embeddable":true,"href":"https:\/\/cndl.org.br\/varejosa\/wp-json\/wp\/v2\/tags?post=19113"}],"curies":[{"name":"wp","href":"https:\/\/api.w.org\/{rel}","templated":true}]}}