{"id":19203,"date":"2023-04-18T10:08:11","date_gmt":"2023-04-18T13:08:11","guid":{"rendered":"https:\/\/cndl.org.br\/varejosasa\/?p=19203"},"modified":"2026-01-29T10:22:02","modified_gmt":"2026-01-29T13:22:02","slug":"caixa-reduzira-juros-para-21-milhoes-de-micro-e-pequenas-empresas","status":"publish","type":"post","link":"https:\/\/cndl.org.br\/varejosa\/caixa-reduzira-juros-para-21-milhoes-de-micro-e-pequenas-empresas\/","title":{"rendered":"Caixa reduzir\u00e1 juros para 2,1 milh\u00f5es de micro e pequenas empresas"},"content":{"rendered":"\n<p>A Caixa Econ\u00f4mica Federal pretende reduzir juros para cerca de 2,1 milh\u00f5es de MPEs (micro e pequenas empresas). A presidente do banco, Rita Serrano, fez o an\u00fancio durante evento da Frente Parlamentar do Empreendedorismo nesta ter\u00e7a-feira (11).<\/p>\n\n\n\n<p>A redu\u00e7\u00e3o ser\u00e1 poss\u00edvel por causa de um acordo firmado com a CACB (Confedera\u00e7\u00e3o das Associa\u00e7\u00f5es Comerciais e Empresariais do Brasil). Segundo a Caixa, os juros poder\u00e3o cair at\u00e9 33% em algumas linhas de cr\u00e9dito.<\/p>\n\n\n\n<blockquote class=\"wp-block-quote is-layout-flow wp-block-quote-is-layout-flow\">\n<p><\/p>\n<cite>\u201cA Caixa est\u00e1 voltando a atuar fortemente nos programas do governo, no Minha Casa Minha Vida, [no] Bolsa Fam\u00edlia. Toda a fun\u00e7\u00e3o da Caixa no gerenciamento de programas sociais est\u00e1 retornando e, junto com isso, o olhar para o desenvolvimento do pa\u00eds, voltado para o setor produtivo. Precisamos de cr\u00e9dito para produzir\u201d, disse Rita Serrano.<\/cite><\/blockquote>\n\n\n\n<p>Empresas associadas ao conv\u00eanio poder\u00e3o contratar linha de capital de giro com taxas a partir de 1,21% ao m\u00eas. A compra de m\u00e1quinas e equipamentos poder\u00e1 ser financiada com taxas a partir de 1,34% ao m\u00eas.<\/p>\n\n\n\n<p>Os clientes associados tamb\u00e9m ter\u00e3o taxas reduzidas na contrata\u00e7\u00e3o do GiroCaixa Fampe, com juros a partir de 1,87% ao m\u00eas. Sem destina\u00e7\u00e3o espec\u00edfica e sem garantia, o empr\u00e9stimo \u00e9 destinado a microempreendedores individuais, microempresas e empresas de pequeno porte, que faturam at\u00e9 R$ 4,8 milh\u00f5es por ano.<\/p>\n\n\n\n<p>O banco anunciou outras vantagens \u00e0s empresas que fazem parte do conv\u00eanio, como a gratuidade na primeira anuidade dos cart\u00f5es de cr\u00e9dito e conv\u00eanio de cobran\u00e7a banc\u00e1ria com desconto de at\u00e9 30%.<\/p>\n","protected":false},"excerpt":{"rendered":"<p>Caixa reduzir\u00e1 juros para 2,1 milh\u00f5es de micro e pequenas empresas. Queda das taxas pode chegar a 33% em algumas linhas de cr\u00e9dito.<\/p>\n","protected":false},"author":9,"featured_media":19204,"comment_status":"closed","ping_status":"open","sticky":false,"template":"","format":"standard","meta":{"footnotes":""},"categories":[5891],"tags":[341,317,1241,2381],"class_list":["post-19203","post","type-post","status-publish","format-standard","has-post-thumbnail","hentry","category-empreendedorismo","tag-economia","tag-empreendedorismo","tag-micro-e-pequenos-empreendedores","tag-reducao-de-juros"],"_links":{"self":[{"href":"https:\/\/cndl.org.br\/varejosa\/wp-json\/wp\/v2\/posts\/19203","targetHints":{"allow":["GET"]}}],"collection":[{"href":"https:\/\/cndl.org.br\/varejosa\/wp-json\/wp\/v2\/posts"}],"about":[{"href":"https:\/\/cndl.org.br\/varejosa\/wp-json\/wp\/v2\/types\/post"}],"author":[{"embeddable":true,"href":"https:\/\/cndl.org.br\/varejosa\/wp-json\/wp\/v2\/users\/9"}],"replies":[{"embeddable":true,"href":"https:\/\/cndl.org.br\/varejosa\/wp-json\/wp\/v2\/comments?post=19203"}],"version-history":[{"count":0,"href":"https:\/\/cndl.org.br\/varejosa\/wp-json\/wp\/v2\/posts\/19203\/revisions"}],"wp:featuredmedia":[{"embeddable":true,"href":"https:\/\/cndl.org.br\/varejosa\/wp-json\/wp\/v2\/media\/19204"}],"wp:attachment":[{"href":"https:\/\/cndl.org.br\/varejosa\/wp-json\/wp\/v2\/media?parent=19203"}],"wp:term":[{"taxonomy":"category","embeddable":true,"href":"https:\/\/cndl.org.br\/varejosa\/wp-json\/wp\/v2\/categories?post=19203"},{"taxonomy":"post_tag","embeddable":true,"href":"https:\/\/cndl.org.br\/varejosa\/wp-json\/wp\/v2\/tags?post=19203"}],"curies":[{"name":"wp","href":"https:\/\/api.w.org\/{rel}","templated":true}]}}