{"id":19326,"date":"2023-04-28T10:37:14","date_gmt":"2023-04-28T13:37:14","guid":{"rendered":"https:\/\/cndl.org.br\/varejosasa\/?p=19326"},"modified":"2024-01-18T17:44:05","modified_gmt":"2024-01-18T20:44:05","slug":"vendas-no-varejo-variam-01-em-fevereiro-de-acordo-com-ibge","status":"publish","type":"post","link":"https:\/\/cndl.org.br\/varejosa\/vendas-no-varejo-variam-01-em-fevereiro-de-acordo-com-ibge\/","title":{"rendered":"Vendas no varejo variam -0,1% em fevereiro, de acordo com IBGE"},"content":{"rendered":"\n<p>Em fevereiro de 2023, as vendas no com\u00e9rcio varejista registraram varia\u00e7\u00e3o de -0,1% frente a janeiro. Em compara\u00e7\u00e3o com fevereiro de 2022, o com\u00e9rcio cresceu 1,0%, com alta de 1,3% nos \u00faltimos doze meses e de 1,8% no ano. Os dados foram divulgados pelo Instituto Brasileiro de Geografia e Estat\u00edstica (IBGE)<\/p>\n\n\n\n<p>O volume de vendas do com\u00e9rcio varejista ampliado, que inclui, al\u00e9m do varejo, as atividades de ve\u00edculos, motos, partes e pe\u00e7as e de material de constru\u00e7\u00e3o, subiu 1,7% em compara\u00e7\u00e3o com o m\u00eas anterior.<\/p>\n\n\n\n<p>De acordo com Marcos Sarmento Melo, especialista em finan\u00e7as e&nbsp;&nbsp;diretor da Valorum Empresarial, os resultados obtidos mostram uma estabilidade. \u201cAo longo de 2022, n\u00f3s &nbsp;observamos um crescimento da atividade econ\u00f4mica no Brasil. O que n\u00f3s estamos percebendo agora, \u00e9 que existe uma certa estabiliza\u00e7\u00e3o da economia, muito em fun\u00e7\u00e3o &nbsp;da taxa de infla\u00e7\u00e3o que ainda est\u00e1 elevada\u201d, aponta.&nbsp;<\/p>\n\n\n\n<figure class=\"wp-block-table is-style-regular\"><table><tbody><tr><td>Per\u00edodo<\/td><td>Varejo<\/td><td>Varejo ampliado<\/td><td><\/td><td><\/td><\/tr><tr><td><\/td><td>Volume de vendas<\/td><td>Receita nominal<\/td><td>Volume de vendas<\/td><td>Receita nominal<\/td><\/tr><tr><td>Fevereiro\/ Janeiro*<\/td><td>-0,1<\/td><td>0,3<\/td><td>1,7<\/td><td>1,8<\/td><\/tr><tr><td>M\u00e9dia m\u00f3vel trimestral*<\/td><td>0,2<\/td><td>0,8<\/td><td>0,9<\/td><td>1,5<\/td><\/tr><tr><td>Fevereiro 2023\/<br>Fevereiro 2022<\/td><td>1,0<\/td><td>7,5<\/td><td>-0,2<\/td><td>6,6<\/td><\/tr><tr><td>Acumulado 2023<\/td><td>1,8<\/td><td>9,3<\/td><td>0,1<\/td><td>7,8<\/td><\/tr><tr><td>Acumulado 12 meses<\/td><td>1,3<\/td><td>13,6<\/td><td>-0,5<\/td><td>11,7<\/td><\/tr><tr><td>*S\u00e9rie COM ajuste sazonal<\/td><td><\/td><td><\/td><td><\/td><td><\/td><\/tr><\/tbody><\/table><figcaption class=\"wp-element-caption\"><em>Fonte: IBGE<\/em><\/figcaption><\/figure>\n\n\n\n<p>De acordo com a apura\u00e7\u00e3o, duas das oito atividades do com\u00e9rcio varejista apresentaram varia\u00e7\u00e3o positiva. \u201cAs \u00fanicas atividades a registrar crescimento nessa passagem para fevereiro foram as de artigos farmac\u00eauticos m\u00e9dicos ortop\u00e9dicos e de perfumaria com 1,4% de crescimento, e Livros, jornais, revistas e papelaria 4,7%\u201d, informa o gerente da Pesquisa Mensal de Com\u00e9rcio (PMC), Cristiano Santos.<\/p>\n\n\n\n<p>Para C\u00e9sar Bergo, professor de Mercado Financeiro na Universidade de Bras\u00edlia (UnB), o destaque da categoria de Livros, jornais e revistas se deu devido ao per\u00edodo que coincidiu com o in\u00edcio das atividades escolares e acad\u00eamicas. <\/p>\n\n\n\n<blockquote class=\"wp-block-quote is-layout-flow wp-block-quote-is-layout-flow\">\n<p><\/p>\n<cite>\u201cGeralmente, \u00e9 comum aumentar a movimenta\u00e7\u00e3o nesse segmento, e no farmac\u00eautico tamb\u00e9m. Houve uma press\u00e3o em rela\u00e7\u00e3o ao eventual aumento de pre\u00e7o, ent\u00e3o as pessoas se antecipam nas compras, mostrando ent\u00e3o uma melhora nesse segmento\u201d, aponta.<\/cite><\/blockquote>\n\n\n\n<p>As taxas negativas ficaram por conta dos Equipamentos e material para escrit\u00f3rio, inform\u00e1tica e comunica\u00e7\u00e3o (-10,4%), Tecidos, vestu\u00e1rio e cal\u00e7ados (-6,3%), Outros artigos de uso pessoal e dom\u00e9stico, M\u00f3veis e eletrodom\u00e9sticos (-1,7%), Hiper, supermercados, produtos aliment\u00edcios, bebidas e fumo (-0,7%) e Combust\u00edveis e lubrificantes (-0,3%).&nbsp;<\/p>\n\n\n\n<p>As duas atividades adicionais do varejo ampliado tiveram resultados opostos: Ve\u00edculos e motos, partes e pe\u00e7as (1,4%) e Material de constru\u00e7\u00e3o (-2,0%).<\/p>\n\n\n\n<p><strong>Proje\u00e7\u00e3o para os pr\u00f3ximos meses<\/strong><br>De acordo com Marcos Sarmento Melo, como o futuro da economia brasileira tamb\u00e9m \u00e9 influenciado por quest\u00f5es externas, \u00e9 dif\u00edcil estipular uma proje\u00e7\u00e3o para os pr\u00f3ximos meses. \u201cAinda tem o prosseguimento da guerra da R\u00fassia com a Ucr\u00e2nia. Tamb\u00e9m tem a situa\u00e7\u00e3o de taxas b\u00e1sicas de juros em pa\u00edses importantes que est\u00e3o em n\u00edveis elevados, assim como tamb\u00e9m infla\u00e7\u00e3o\u201d, alerta.<\/p>\n\n\n\n<p>Por isso, ele afirma que de modo geral, a atividade econ\u00f4mica brasileira em 2023 n\u00e3o deve apresentar uma grande varia\u00e7\u00e3o, assim como o com\u00e9rcio varejista, que prosseguir\u00e1 relativamente est\u00e1vel.<\/p>\n\n\n\n<p>Para C\u00e9sar Bergo, 2023 ser\u00e1 um ano dif\u00edcil para a economia do Brasil, mas a perspectiva \u00e9 positiva para o varejo. \u201cTem algumas quest\u00f5es importantes com rela\u00e7\u00e3o a tecnologia 5G, melhoria das empresas de infraestrutura, que devem favorecer as vendas na \u00e1rea de comunica\u00e7\u00f5es\u201d, aponta.<\/p>\n\n\n\n<p>Segundo o economista\u00a0 Newton Marques, o\u00a0\u00a0que leva ao aumento geral das vendas no com\u00e9rcio varejista, em geral, \u00e9 a renda da popula\u00e7\u00e3o brasileira. O aumento do emprego e da renda leva a perspectivas positivas, mas isso depende de dois fatores fundamentais: a redu\u00e7\u00e3o da taxa b\u00e1sica de juros, a Selic, e o aumento da massa salarial. \u201cEsses impactos s\u00e3o muito bons, porque todas as vezes que o setor terci\u00e1rio, que \u00e9 o setor de de com\u00e9rcio, apresenta um crescimento, ele puxa os setores prim\u00e1rios e secund\u00e1rios\u201d, explica.<\/p>\n\n\n\n<p><em>Fonte: <a href=\"https:\/\/brasil61.com\/n\/vendas-no-varejo-variam-0-1-em-fevereiro-de-acordo-com-ibge-bras238162\" data-type=\"URL\" data-id=\"https:\/\/brasil61.com\/n\/vendas-no-varejo-variam-0-1-em-fevereiro-de-acordo-com-ibge-bras238162\">Brasil 61<\/a> <\/em><\/p>\n","protected":false},"excerpt":{"rendered":"<p>De acordo com a apura\u00e7\u00e3o, duas das oito atividades do com\u00e9rcio varejista apresentaram varia\u00e7\u00e3o positiva, com destaque para Livros, jornais e revistas<\/p>\n","protected":false},"author":8,"featured_media":19327,"comment_status":"closed","ping_status":"open","sticky":false,"template":"","format":"standard","meta":{"footnotes":""},"categories":[1836],"tags":[1932,247,341,1933,569,570,249,250],"class_list":["post-19326","post","type-post","status-publish","format-standard","has-post-thumbnail","hentry","category-marketing-e-vendas","tag-artigos-farmaceuticos","tag-comercio","tag-economia","tag-jornais-e-revistas","tag-livros","tag-papelaria","tag-varejo","tag-vendas"],"_links":{"self":[{"href":"https:\/\/cndl.org.br\/varejosa\/wp-json\/wp\/v2\/posts\/19326","targetHints":{"allow":["GET"]}}],"collection":[{"href":"https:\/\/cndl.org.br\/varejosa\/wp-json\/wp\/v2\/posts"}],"about":[{"href":"https:\/\/cndl.org.br\/varejosa\/wp-json\/wp\/v2\/types\/post"}],"author":[{"embeddable":true,"href":"https:\/\/cndl.org.br\/varejosa\/wp-json\/wp\/v2\/users\/8"}],"replies":[{"embeddable":true,"href":"https:\/\/cndl.org.br\/varejosa\/wp-json\/wp\/v2\/comments?post=19326"}],"version-history":[{"count":0,"href":"https:\/\/cndl.org.br\/varejosa\/wp-json\/wp\/v2\/posts\/19326\/revisions"}],"wp:featuredmedia":[{"embeddable":true,"href":"https:\/\/cndl.org.br\/varejosa\/wp-json\/wp\/v2\/media\/19327"}],"wp:attachment":[{"href":"https:\/\/cndl.org.br\/varejosa\/wp-json\/wp\/v2\/media?parent=19326"}],"wp:term":[{"taxonomy":"category","embeddable":true,"href":"https:\/\/cndl.org.br\/varejosa\/wp-json\/wp\/v2\/categories?post=19326"},{"taxonomy":"post_tag","embeddable":true,"href":"https:\/\/cndl.org.br\/varejosa\/wp-json\/wp\/v2\/tags?post=19326"}],"curies":[{"name":"wp","href":"https:\/\/api.w.org\/{rel}","templated":true}]}}