{"id":19444,"date":"2023-05-10T10:26:30","date_gmt":"2023-05-10T13:26:30","guid":{"rendered":"https:\/\/cndl.org.br\/varejosasa\/?p=19444"},"modified":"2024-01-18T14:58:01","modified_gmt":"2024-01-18T17:58:01","slug":"seis-a-cada-10-brasileiros-sonham-em-empreender","status":"publish","type":"post","link":"https:\/\/cndl.org.br\/varejosa\/seis-a-cada-10-brasileiros-sonham-em-empreender\/","title":{"rendered":"Seis a cada 10 brasileiros sonham em empreender"},"content":{"rendered":"\n<p>Ter o pr\u00f3prio neg\u00f3cio voltou a ser o segundo maior sonho do brasileiro. De acordo com o relat\u00f3rio da GEM (Global Entrepreneurship Monitor) 2022, realizado pelo Sebrae e pela Associa\u00e7\u00e3o Nacional de Estudos em Empreendedorismo e Gest\u00e3o de Pequenas Empresas (Anegepe), 60% dos entrevistados citaram ter uma empresa como um dos maiores desejos. O resultado \u00e9 o recorde da s\u00e9rie hist\u00f3rica da pesquisa, que \u00e9 realizada h\u00e1 23 anos no Brasil. Em 2020, in\u00edcio da pandemia, a pesquisa tamb\u00e9m havia detectado essa posi\u00e7\u00e3o, quando 59% dos entrevistados indicaram esse quesito.<\/p>\n\n\n\n<p>Se comparado com a edi\u00e7\u00e3o da pesquisa anterior, realizada em 2021, quando o sonho de ter o pr\u00f3prio neg\u00f3cio foi respondido por 46% dos entrevistados, houve um incremento de 14 pontos percentuais, um dos maiores das op\u00e7\u00f5es de respostas apresentadas aos entrevistados. Comparado com 5 anos atr\u00e1s, o incremento foi de 42 pontos percentuais.<\/p>\n\n\n\n<p>\u201cIsso comprova o esp\u00edrito empreendedor brasileiro, o interesse crescente pelo neg\u00f3cio pr\u00f3prio e mostra o quanto \u00e9 importante que sejam criadas pol\u00edticas p\u00fablicas que incentivem o empreendedorismo, que v\u00e3o desde a educa\u00e7\u00e3o empreendedora at\u00e9 a legisla\u00e7\u00e3o\u201d, afirma o presidente do Sebrae, D\u00e9cio Lima.<\/p>\n\n\n\n<p>\u201cPor pouco esse desejo n\u00e3o ficou em primeiro lugar. O maior sonho do brasileiro continuou sendo viajar pelo Brasil, mas a diferen\u00e7a foi de apenas um ponto percentual\u201d, observa D\u00e9cio. Esse quesito foi respondido por 61% dos entrevistados. Em terceiro e quarto lugares, ficaram empatados com 54% a vontade de comprar uma casa ou um carro. J\u00e1 em quinto, o sonho de viajar para o exterior, op\u00e7\u00e3o escolhida por 49% dos entrevistados.<\/p>\n\n\n\n<p><strong>Pesquisa GEM<\/strong><br>A Pesquisa GEM \u00e9 considerada a principal pesquisa sobre empreendedorismo no mundo. Realizada anualmente h\u00e1 23 anos, j\u00e1 participaram mais de 110 pa\u00edses, o que representa mais de 95% do PIB mundial. No Brasil, em 2022, foram entrevistados 2 mil adultos e 52 especialistas. Os dados foram coletados entre junho e agosto de 2022. O Brasil \u00e9 um dos poucos pa\u00edses que participou de todas as edi\u00e7\u00f5es.<\/p>\n\n\n\n<div data-wp-interactive=\"core\/file\" class=\"wp-block-file\"><object data-wp-bind--hidden=\"!state.hasPdfPreview\" hidden class=\"wp-block-file__embed\" data=\"https:\/\/cndl.org.br\/varejosa\/wp-content\/uploads\/2023\/05\/gem-brasileiros-abr-2023.pdf\" type=\"application\/pdf\" style=\"width:100%;height:600px\" aria-label=\"Incorporado de gem-brasileiros-abr-2023.\"><\/object><a id=\"wp-block-file--media-28ad3163-8519-46b7-9e11-d01677dcccdb\" href=\"https:\/\/cndl.org.br\/varejosa\/wp-content\/uploads\/2023\/05\/gem-brasileiros-abr-2023.pdf\">gem-brasileiros-abr-2023<\/a><a href=\"https:\/\/cndl.org.br\/varejosa\/wp-content\/uploads\/2023\/05\/gem-brasileiros-abr-2023.pdf\" class=\"wp-block-file__button wp-element-button\" download aria-describedby=\"wp-block-file--media-28ad3163-8519-46b7-9e11-d01677dcccdb\">Baixar<\/a><\/div>\n","protected":false},"excerpt":{"rendered":"<p>Nova edi\u00e7\u00e3o da pesquisa GEM, realizada pelo Sebrae em parceria com a Anegepe, detectou recorde no desejo de ter o pr\u00f3prio neg\u00f3cio.<\/p>\n","protected":false},"author":11,"featured_media":19416,"comment_status":"closed","ping_status":"open","sticky":false,"template":"","format":"standard","meta":{"footnotes":""},"categories":[26],"tags":[247,341,317,1148,792,249],"class_list":["post-19444","post","type-post","status-publish","format-standard","has-post-thumbnail","hentry","category-negocios-e-economia","tag-comercio","tag-economia","tag-empreendedorismo","tag-modelos-de-negocio","tag-novos-negocios","tag-varejo"],"_links":{"self":[{"href":"https:\/\/cndl.org.br\/varejosa\/wp-json\/wp\/v2\/posts\/19444","targetHints":{"allow":["GET"]}}],"collection":[{"href":"https:\/\/cndl.org.br\/varejosa\/wp-json\/wp\/v2\/posts"}],"about":[{"href":"https:\/\/cndl.org.br\/varejosa\/wp-json\/wp\/v2\/types\/post"}],"author":[{"embeddable":true,"href":"https:\/\/cndl.org.br\/varejosa\/wp-json\/wp\/v2\/users\/11"}],"replies":[{"embeddable":true,"href":"https:\/\/cndl.org.br\/varejosa\/wp-json\/wp\/v2\/comments?post=19444"}],"version-history":[{"count":0,"href":"https:\/\/cndl.org.br\/varejosa\/wp-json\/wp\/v2\/posts\/19444\/revisions"}],"wp:featuredmedia":[{"embeddable":true,"href":"https:\/\/cndl.org.br\/varejosa\/wp-json\/wp\/v2\/media\/19416"}],"wp:attachment":[{"href":"https:\/\/cndl.org.br\/varejosa\/wp-json\/wp\/v2\/media?parent=19444"}],"wp:term":[{"taxonomy":"category","embeddable":true,"href":"https:\/\/cndl.org.br\/varejosa\/wp-json\/wp\/v2\/categories?post=19444"},{"taxonomy":"post_tag","embeddable":true,"href":"https:\/\/cndl.org.br\/varejosa\/wp-json\/wp\/v2\/tags?post=19444"}],"curies":[{"name":"wp","href":"https:\/\/api.w.org\/{rel}","templated":true}]}}