{"id":19449,"date":"2023-05-15T15:13:58","date_gmt":"2023-05-15T18:13:58","guid":{"rendered":"https:\/\/cndl.org.br\/varejosasa\/?p=19449"},"modified":"2024-01-19T09:56:12","modified_gmt":"2024-01-19T12:56:12","slug":"900-micro-e-pequenas-empresas-em-todo-o-pais-vao-iniciar-a-capacitacao-em-inovacao","status":"publish","type":"post","link":"https:\/\/cndl.org.br\/varejosa\/900-micro-e-pequenas-empresas-em-todo-o-pais-vao-iniciar-a-capacitacao-em-inovacao\/","title":{"rendered":"900 micro e pequenas empresas em todo o pa\u00eds v\u00e3o iniciar a capacita\u00e7\u00e3o em inova\u00e7\u00e3o"},"content":{"rendered":"\n<p>O projeto Varejo Inteligente Conecta Brasil &#8211; transformando o varejo pela inova\u00e7\u00e3o, realizado pelo Sebrae (Servi\u00e7o Brasileiro de Apoio \u00e0s Micro e Pequenas Empresas) e CDL\/BH (C\u00e2mara de Dirigentes Lojistas de Belo Horizonte), selecionou 900 micro e pequenas empresas MPEs em todo o pa\u00eds que, a partir de maio, ser\u00e3o capacitadas em inova\u00e7\u00e3o. A lista das empresas selecionadas est\u00e1 dispon\u00edvel clicando .<\/p>\n\n\n\n<p>A pr\u00e9-sele\u00e7\u00e3o reuniu 3.300 pessoas, distribu\u00eddas entre MPEs e microempreendedores individuais. Dessas, 1.300 passaram para a segunda fase e, a partir dos crit\u00e9rios exigidos pelo projeto, 900 seguir\u00e3o para a etapa de acelera\u00e7\u00e3o, na qual ser\u00e3o promovidos workshops, oficinas, consultorias individuais para as micro e pequenas empresas e conex\u00e3o com startups. Todo o processo de acelera\u00e7\u00e3o ser\u00e1 customizado a partir dos desafios das empresas selecionadas. A quarta e \u00faltima etapa, Foco 4, ser\u00e1 um evento aberto ao p\u00fablico no modelo h\u00edbrido (presencial com transmiss\u00e3o on-line), onde ser\u00e3o entregues os resultados do projeto, reconhecimento das CDLs, das micro e pequenas empresas e das startups mais engajadas. A previs\u00e3o \u00e9 que este evento seja realizado em setembro.<\/p>\n\n\n\n<p>De acordo com o presidente da CDL\/BH e do Conselho Deliberativo do Sebrae Minas, Marcelo de Souza e Silva, \u201co Varejo Inteligente tem como proposta ajudar as MPEs a lidar com os desafios do neg\u00f3cio e atuar diretamente na transforma\u00e7\u00e3o das pessoas que est\u00e3o \u00e0 frente da gest\u00e3o, tornando-as capazes de praticar inova\u00e7\u00e3o de forma simples, promovendo resultados reais e, consequentemente, habilitando-as como embaixadoras de inova\u00e7\u00e3o no setor de com\u00e9rcio e servi\u00e7os\u201d.<\/p>\n\n\n\n<p><strong>Trilhas de conte\u00fado<\/strong><br \/>Durante quase dois meses, os participantes das primeiras etapas do projeto tiveram acesso a Trilhas de Conte\u00fado para capacita\u00e7\u00e3o em temas como marketing digital, gest\u00e3o administrativa, financeira e fundamentos de marketing com especialistas de mercado. Ao todo, 1.600 participantes, de diversas cidades do pa\u00eds, tiveram acesso a 208 horas de conte\u00fado em 26 trilhas e 104 eventos on-line.<\/p>\n\n\n\n<p>O empreendedor Williams Fontineles, propriet\u00e1rio de uma loja de materiais de constru\u00e7\u00e3o em uma comunidade ind\u00edgena, em Boa Vista, Roraima, foi um dos participantes da trilha. Segundo ele, seu estabelecimento \u00e9 o primeiro com\u00e9rcio da comunidade Vista Alegre, que \u00e9 composta por 777 pessoas. \u201cO Varejo Inteligente Conecta Brasil me trouxe ideias de moderniza\u00e7\u00e3o da loja como wi-fi, o uso de um contato direcionado para os clientes onde promovo an\u00fancios e promo\u00e7\u00f5es para a comunidade. Tudo isso tem transformado meu neg\u00f3cio\u201d, afirma.<br \/><br \/><strong>De Minas para o Brasil<\/strong><br \/>O Varejo Inteligente Conecta Brasil \u00e9 a nacionaliza\u00e7\u00e3o do projeto Varejo Inteligente, criado em 2016 pela CDL\/BH e pelo Servi\u00e7o de Apoio \u00e0s Micro e Pequenas Empresas de Minas Gerais (Sebrae Minas), que tem como proposta apoiar as empresas da capital mineira e Regi\u00e3o Metropolitana no caminho rumo \u00e0 inova\u00e7\u00e3o. A edi\u00e7\u00e3o mineira do programa j\u00e1 realizou sete edi\u00e7\u00f5es e impactou 126 empresas, 125 startups e, por meio do transbordo, impactou mais de 2.200 pessoas.<\/p>\n\n\n\n<blockquote class=\"wp-block-quote is-layout-flow wp-block-quote-is-layout-flow\">\n<p><\/p>\n<cite>\u201cNacionalizar o programa, depois de muito aprendizado e valida\u00e7\u00e3o, \u00e9 uma forma de oportunizar para as MPEs e MEIs de todo o Brasil a possibilidade de desmistificar a inova\u00e7\u00e3o, entender que n\u00e3o se trata s\u00f3 de tecnologia e que \u00e9 poss\u00edvel aprender metodologias e ferramentas pass\u00edveis de aplica\u00e7\u00e3o em seus neg\u00f3cios de maneira recorrente. Assim, \u00e9 poss\u00edvel melhorar resultados, mudar a mentalidade e, de fato, implementar uma cultura de inova\u00e7\u00e3o independentemente do tamanho de sua empresa\u201d afirma o gerente de inova\u00e7\u00e3o e tecnologia da CDL\/BH, Marcelo Costa.<\/cite><\/blockquote>\n","protected":false},"excerpt":{"rendered":"<p>O projeto Varejo Inteligente Conecta Brasil, promovido pelo Sebrae e CDL\/BH, vai promover conex\u00f5es de empreendedores com startups e consultorias individuais. Atividades iniciam ainda este m\u00eas<\/p>\n","protected":false},"author":18,"featured_media":19452,"comment_status":"closed","ping_status":"open","sticky":false,"template":"","format":"standard","meta":{"footnotes":""},"categories":[1371],"tags":[2602,2603,341,317,312,289],"class_list":["post-19449","post","type-post","status-publish","format-standard","has-post-thumbnail","hentry","category-noticias-cndl","tag-capacitacao-em-inovacao","tag-cdl-belo-horizonte","tag-economia","tag-empreendedorismo","tag-micro-e-pequenas-empresas","tag-sebrae"],"_links":{"self":[{"href":"https:\/\/cndl.org.br\/varejosa\/wp-json\/wp\/v2\/posts\/19449","targetHints":{"allow":["GET"]}}],"collection":[{"href":"https:\/\/cndl.org.br\/varejosa\/wp-json\/wp\/v2\/posts"}],"about":[{"href":"https:\/\/cndl.org.br\/varejosa\/wp-json\/wp\/v2\/types\/post"}],"author":[{"embeddable":true,"href":"https:\/\/cndl.org.br\/varejosa\/wp-json\/wp\/v2\/users\/18"}],"replies":[{"embeddable":true,"href":"https:\/\/cndl.org.br\/varejosa\/wp-json\/wp\/v2\/comments?post=19449"}],"version-history":[{"count":0,"href":"https:\/\/cndl.org.br\/varejosa\/wp-json\/wp\/v2\/posts\/19449\/revisions"}],"wp:featuredmedia":[{"embeddable":true,"href":"https:\/\/cndl.org.br\/varejosa\/wp-json\/wp\/v2\/media\/19452"}],"wp:attachment":[{"href":"https:\/\/cndl.org.br\/varejosa\/wp-json\/wp\/v2\/media?parent=19449"}],"wp:term":[{"taxonomy":"category","embeddable":true,"href":"https:\/\/cndl.org.br\/varejosa\/wp-json\/wp\/v2\/categories?post=19449"},{"taxonomy":"post_tag","embeddable":true,"href":"https:\/\/cndl.org.br\/varejosa\/wp-json\/wp\/v2\/tags?post=19449"}],"curies":[{"name":"wp","href":"https:\/\/api.w.org\/{rel}","templated":true}]}}