{"id":19507,"date":"2023-05-16T09:28:21","date_gmt":"2023-05-16T12:28:21","guid":{"rendered":"https:\/\/cndl.org.br\/varejosasa\/?p=19507"},"modified":"2024-02-04T14:53:48","modified_gmt":"2024-02-04T17:53:48","slug":"sebrae-e-mdic-irao-trabalhar-juntos-no-impulsionamento-do-empreendedorismo-e-artesanato","status":"publish","type":"post","link":"https:\/\/cndl.org.br\/varejosa\/sebrae-e-mdic-irao-trabalhar-juntos-no-impulsionamento-do-empreendedorismo-e-artesanato\/","title":{"rendered":"Sebrae e MDIC ir\u00e3o trabalhar juntos no impulsionamento do empreendedorismo e artesanato"},"content":{"rendered":"\n<p>O vice-presidente da Rep\u00fablica e ministro do Desenvolvimento, Ind\u00fastria, Com\u00e9rcio e Servi\u00e7os, Geraldo Alckmin, e o presidente do Sebrae, D\u00e9cio Lima, anunciaram que as duas institui\u00e7\u00f5es ir\u00e3o trabalhar em parceria, ap\u00f3s reuni\u00e3o que tiveram na sede do Sebrae, em Bras\u00edlia. Ser\u00e3o realizadas a\u00e7\u00f5es para fortalecer o empreendedorismo e o artesanato, como melhoria de acesso a cr\u00e9dito, incentivo \u00e0s exporta\u00e7\u00f5es e \u00e0 digitaliza\u00e7\u00e3o, e a\u00e7\u00f5es de qualifica\u00e7\u00e3o e treinamentos para empreendedores. Milton Coelho, secret\u00e1rio de Micro e Pequenas Empresas e Empreendedorismo do MDIC (Minist\u00e9rio do Desenvolvimento, Ind\u00fastria, Com\u00e9rcio e Servi\u00e7os), tamb\u00e9m esteve na reuni\u00e3o.<\/p>\n\n\n\n<p>Alckmin afirmou que nos pr\u00f3ximos 15 dias deve ser assinado um contrato de gest\u00e3o com a Funda\u00e7\u00e3o Universitas de Estudos Amaz\u00f4nicos, que possui um centro de biotecnologia amaz\u00f4nica, e que contar\u00e1 com o apoio do Sebrae. <\/p>\n\n\n\n<p>\u201c\u00c9 uma possibilidade enorme de ampliar neg\u00f3cios e oportunidades. O cacau virar chocolate, produ\u00e7\u00e3o de cosm\u00e9ticos, ind\u00fastria farmac\u00eautica. O Sebrae tem uma expertise enorme, faz acontecer e est\u00e1 no Brasil inteiro. Vamos trabalhar muito juntos do Sebrae\u201d, pontuou.<\/p>\n\n\n\n<p>O ministro tamb\u00e9m abordou a quest\u00e3o da desburocratiza\u00e7\u00e3o das exporta\u00e7\u00f5es que ir\u00e1 reduzir custos e incentivar um n\u00famero maior de empresas a buscar a internacionaliza\u00e7\u00e3o. Ele citou como exemplo o acordo feito com o Reino Unido que tirou a obrigatoriedade da licen\u00e7a f\u00edsica para exporta\u00e7\u00e3o de frango, que gerava um custo por guia de R$ 166 para a licen\u00e7a de localiza\u00e7\u00e3o. <\/p>\n\n\n\n<p>\u201cO Reino Unido j\u00e1 aceitou. \u00c9 tudo digitalizado e n\u00e3o se paga mais nada. Zero. N\u00e3o tem taxa. Digital. Sai na hora. Desburocratizamos tudo. Nos pr\u00f3ximos dias, ser\u00e1 com a Uni\u00e3o Europeia\u201d, disse Alckmin, ao falar do programa de desburocratiza\u00e7\u00e3o do governo para reduzir custos e estimular a atividade empreendedora.<\/p>\n\n\n\n<p>D\u00e9cio Lima, presidente do Sebrae, ressaltou que a pauta de exporta\u00e7\u00f5es \u00e9 altamente importante para incentivar que os pequenos neg\u00f3cios internacionalizem seus produtos e servi\u00e7os e possam aumentar a participa\u00e7\u00e3o nesse mercado. <\/p>\n\n\n\n<p>\u201cH\u00e1 um potencial muito elevado de crescimento. Do total das cerca de 28 mil empresas exportadoras em 2022, foram 11,3 mil micro e pequenas empresas, o que representa cerca de 40%. Mas se forem considerados os quantitativos exportados, as micro e pequenas empresas s\u00e3o respons\u00e1veis apenas por 0,9% do total exportado\u201d, afirmou Lima, referindo-se ao montante em termos de valores movimentados.<\/p>\n\n\n\n<p>Ele observou ainda que a visita recebida pelo vice-presidente \u00e9 um marco hist\u00f3rico no Sebrae. \u201cEssa \u00e9 a primeira vez que um vice-presidente vem a nossa casa para conhecer e discutir os temas que podemos planejar juntos. Sebrae e MDIC ir\u00e3o ser protagonistas nas pol\u00edticas que ser\u00e3o tra\u00e7adas para impulsionar o empreendedorismo\u201d, destacou.<\/p>\n\n\n\n<p><strong>Cr\u00e9dito para Artesanato<\/strong><br>Ainda foi tratada, durante a reuni\u00e3o, a possibilidade da cria\u00e7\u00e3o de linha de cr\u00e9dito espec\u00edfica para artes\u00e3os com condi\u00e7\u00f5es diferenciadas que v\u00e3o al\u00e9m de taxas de juros mais baixas, englobando, por exemplo, crit\u00e9rios de comprova\u00e7\u00e3o de renda e de garantias mais flex\u00edveis e pol\u00edtica espec\u00edfica para assist\u00eancia t\u00e9cnica, visando auxiliar esses profissionais na tomada de cr\u00e9dito. A ideia \u00e9 que o Sebrae fa\u00e7a parcerias com as institui\u00e7\u00f5es financeiras e outras que possam atuar nas a\u00e7\u00f5es em planejamento.<\/p>\n\n\n\n<blockquote class=\"wp-block-quote is-layout-flow wp-block-quote-is-layout-flow\">\n<p><\/p>\n<cite>\u201cGrande parte da dificuldade de artes\u00e3os terem acesso a cr\u00e9dito banc\u00e1rio se deve a fatores estruturais como dificuldade ou falta de registro formal da atividade de artes\u00e3o, a inexist\u00eancia de bens para dar em garantia ao empr\u00e9stimo e o baixo n\u00edvel educacional, o que dificulta ou impede o acesso a informa\u00e7\u00f5es qualificadas e \u00e0 elabora\u00e7\u00e3o de projetos ou outros documentos exigidos durante financiamento\u201d, observou o presidente do Sebrae.<\/cite><\/blockquote>\n","protected":false},"excerpt":{"rendered":"<p>Sebrae e MDIC ir\u00e3o trabalhar juntos no impulsionamento do empreendedorismo e artesanato. Alckmin e D\u00e9cio Lima anunciaram que ser\u00e3o realizadas a\u00e7\u00f5es de fomento a cr\u00e9dito, desburocratiza\u00e7\u00e3o e de incentivo a exporta\u00e7\u00f5es e digitaliza\u00e7\u00e3o<\/p>\n","protected":false},"author":7,"featured_media":19509,"comment_status":"closed","ping_status":"open","sticky":false,"template":"","format":"standard","meta":{"footnotes":""},"categories":[51],"tags":[674,341,317,1519,1061,289],"class_list":["post-19507","post","type-post","status-publish","format-standard","has-post-thumbnail","hentry","category-inovacao","tag-artesanato","tag-economia","tag-empreendedorismo","tag-fundacao-universitas-de-estudos-amazonicos","tag-mdic","tag-sebrae"],"_links":{"self":[{"href":"https:\/\/cndl.org.br\/varejosa\/wp-json\/wp\/v2\/posts\/19507","targetHints":{"allow":["GET"]}}],"collection":[{"href":"https:\/\/cndl.org.br\/varejosa\/wp-json\/wp\/v2\/posts"}],"about":[{"href":"https:\/\/cndl.org.br\/varejosa\/wp-json\/wp\/v2\/types\/post"}],"author":[{"embeddable":true,"href":"https:\/\/cndl.org.br\/varejosa\/wp-json\/wp\/v2\/users\/7"}],"replies":[{"embeddable":true,"href":"https:\/\/cndl.org.br\/varejosa\/wp-json\/wp\/v2\/comments?post=19507"}],"version-history":[{"count":0,"href":"https:\/\/cndl.org.br\/varejosa\/wp-json\/wp\/v2\/posts\/19507\/revisions"}],"wp:featuredmedia":[{"embeddable":true,"href":"https:\/\/cndl.org.br\/varejosa\/wp-json\/wp\/v2\/media\/19509"}],"wp:attachment":[{"href":"https:\/\/cndl.org.br\/varejosa\/wp-json\/wp\/v2\/media?parent=19507"}],"wp:term":[{"taxonomy":"category","embeddable":true,"href":"https:\/\/cndl.org.br\/varejosa\/wp-json\/wp\/v2\/categories?post=19507"},{"taxonomy":"post_tag","embeddable":true,"href":"https:\/\/cndl.org.br\/varejosa\/wp-json\/wp\/v2\/tags?post=19507"}],"curies":[{"name":"wp","href":"https:\/\/api.w.org\/{rel}","templated":true}]}}