{"id":19559,"date":"2023-05-18T19:25:34","date_gmt":"2023-05-18T22:25:34","guid":{"rendered":"https:\/\/cndl.org.br\/varejosasa\/?p=19559"},"modified":"2026-01-29T10:11:55","modified_gmt":"2026-01-29T13:11:55","slug":"dia-livre-de-impostos-movimenta-capitais-com-conscientizacao-e-descontos","status":"publish","type":"post","link":"https:\/\/cndl.org.br\/varejosa\/dia-livre-de-impostos-movimenta-capitais-com-conscientizacao-e-descontos\/","title":{"rendered":"Dia Livre de Impostos movimenta capitais com conscientiza\u00e7\u00e3o e descontos"},"content":{"rendered":"\n<p><em>A 17\u00aa edi\u00e7\u00e3o do DLI acontecer\u00e1 no dia 25 de maio, em todo o Brasil; no dia 22, o Congresso Nacional realiza sess\u00e3o solene em homenagem \u00e0 mobiliza\u00e7\u00e3o<\/em><\/p>\n\n\n<div class=\"wp-block-image\">\n<figure class=\"alignleft size-full is-resized\"><img loading=\"lazy\" decoding=\"async\" width=\"360\" height=\"540\" src=\"https:\/\/cndl.org.br\/varejosa\/wp-content\/uploads\/2024\/01\/Imagem-do-WhatsApp-de-2023-05-18-as-16.20.42-360x540-1.jpg\" alt=\"\" class=\"wp-image-23769\" style=\"width:342px;height:514px\" srcset=\"https:\/\/cndl.org.br\/varejosa\/wp-content\/uploads\/2024\/01\/Imagem-do-WhatsApp-de-2023-05-18-as-16.20.42-360x540-1.jpg 360w, https:\/\/cndl.org.br\/varejosa\/wp-content\/uploads\/2024\/01\/Imagem-do-WhatsApp-de-2023-05-18-as-16.20.42-360x540-1-200x300.jpg 200w\" sizes=\"auto, (max-width: 360px) 100vw, 360px\" \/><figcaption class=\"wp-element-caption\"><em>Raphael Paganini: &#8220;O DLI une as duas pontas: os consumidores e varejistas. Os empreendedores t\u00eam a oportunidade de mostrar aos seus clientes a composi\u00e7\u00e3o do valor dos produtos, indicando o percentual enorme de impostos&#8221;<\/em><\/figcaption><\/figure>\n<\/div>\n\n\n<p>A 17\u00aa edi\u00e7\u00e3o do DLI (<a href=\"http:\/\/www.dialivredeimpostos.org.br\" target=\"_blank\" rel=\"noreferrer noopener\">Dia Livre de Impostos<\/a>) est\u00e1 chegando: acontecer\u00e1 na pr\u00f3xima quinta-feira, 25 de maio, em todo o Brasil. Este ano, cerca de 50 mil lojistas v\u00e3o participar da tradicional mobiliza\u00e7\u00e3o do Sistema CNDL em protesto \u00e0 alta carga tribut\u00e1ria paga no pa\u00eds e em defesa da Reforma Tribut\u00e1ria e da melhoria do ambiente de neg\u00f3cios.<\/p>\n\n\n\n<p>\u201cEstamos com a\u00e7\u00f5es previstas na maioria das capitais do Brasil, em varejos de diversos segmentos, shopping centers, postos de gasolina, entre outros com\u00e9rcios participantes. No Rio de Janeiro, haver\u00e1 venda de combust\u00edvel sem imposto no Recreio dos Bandeirantes; e o Ilha Shopping tamb\u00e9m participa pelo segundo ano consecutivo\u201d, destacou o coordenador nacional da CDL Jovem (C\u00e2mara de Dirigentes Lojistas Jovem), Raphael Paganini, em entrevista para o portal Varejo S.A.<\/p>\n\n\n\n<p>A a\u00e7\u00e3o \u00e9 realizada h\u00e1 17 anos pela CNDL (Confedera\u00e7\u00e3o Nacional de Dirigentes Lojistas) e a CDL Jovem, em mais de 1.200 cidades. Para conscientizar a popula\u00e7\u00e3o, o Varejo e o poder p\u00fablico sobre o peso dos tributos, os lojistas participantes da iniciativa comercializam produtos com descontos de at\u00e9 70%. O tamanho do desconto varia por produto, de acordo com a al\u00edquota determinada pela legisla\u00e7\u00e3o brasileira.<\/p>\n\n\n\n<p>Em 2022, a data contou com a participa\u00e7\u00e3o de 26 estados e o Distrito Federal com e a colabora\u00e7\u00e3o de mais de 40 mil varejistas, que juntos movimentaram R$ 3 bilh\u00f5es em vendas.<\/p>\n\n\n\n<p>No pr\u00f3ximo dia 22, segunda-feira, o DLI tamb\u00e9m ser\u00e1 homenageado pelo Congresso Nacional em sess\u00e3o solene, marcada para come\u00e7ar \u00e0s 15hs. A solenidade foi requerida pelos presidentes da FCS (Frente Parlamentar do Com\u00e9rcio e Servi\u00e7os), o senador Efraim Filho (UNI\u00c3O-PB) e o deputado Domingos S\u00e1vio (PL-MG).<\/p>\n\n\n\n<p>\u201cO Congresso est\u00e1 bastante renovado, e por isso, queremos mostrar que o Brasil precisa de uma reforma tribut\u00e1ria ampla e o quanto isso \u00e9 essencial para a gera\u00e7\u00e3o de novos neg\u00f3cios\u201d, ressaltou o coordenador nacional da CDL Jovem. \u201cA redu\u00e7\u00e3o do peso e da burocracia tribut\u00e1ria \u00e9 uma bandeira antiga do Sistema CNDL, e como a principal rede representativa do Varejo no pa\u00eds, queremos ser ouvidos. Temos muito a contribuir na busca pela diminui\u00e7\u00e3o da burocracia e a implementa\u00e7\u00e3o de um limite no percentual de impostos, que cresce a cada ano\u201d, acrescentou.<\/p>\n\n\n\n<p>O Sistema CNDL \u00e9 uma rede associativista de livre ades\u00e3o e hoje conta com 500 mil empresas associadas, respons\u00e1veis por 4,6 milh\u00f5es de empregos e a movimenta\u00e7\u00e3o de R$ 340 bilh\u00f5es por ano.<\/p>\n\n\n\n<p>Confira a entrevista de Raphael Paganini sobre o DLI 2023:<\/p>\n\n\n\n<p><strong>Varejo S.A. \u2013 O que \u00e9 o Dia Livre de Impostos?<br>Raphael Paganini &#8211;<\/strong> O DLI \u00e9 uma a\u00e7\u00e3o promovida pela CNDL e a CDL Jovem para levar a conscientiza\u00e7\u00e3o para a popula\u00e7\u00e3o brasileira, as empresas e o poder p\u00fablico acerca da alta carga e complexibilidade tribut\u00e1ria hoje no Brasil.<\/p>\n\n\n\n<p><strong>Varejo S.A. &#8211; De que maneira a carga tribut\u00e1ria atrapalha o Com\u00e9rcio?<br>Raphael Paganini &#8211; <\/strong>O brasileiro trabalha, em m\u00e9dia, 149 dias por ano, apenas para pagar os impostos e tributos. Mais de 40% do que pagamos quando consumimos algo s\u00e3o impostos. Isso reduz sobretudo o poder aquisitivo da popula\u00e7\u00e3o mais pobre, pois este custo \u00e9 automaticamente repassado no valor dos produtos comercializados. O consumidor tem, no final das contas, um produto muito mais caro, o que atrapalha o ambiente de neg\u00f3cios, porque a base de consumidores fica menor. Se os valores dos produtos fossem mais em conta, aumentaria o consumo e, consequentemente, a produ\u00e7\u00e3o de riqueza e emprego no pa\u00eds.<\/p>\n\n\n\n<p>Al\u00e9m disso, h\u00e1 toda a complexidade da legisla\u00e7\u00e3o tribut\u00e1ria, que torna bastante dif\u00edcil o processo fiscal das empresas no Brasil e deixa o ambiente de neg\u00f3cios muito dif\u00edcil. Mesmo quando o empres\u00e1rio busca uma assessoria correta tribut\u00e1ria, muitas vezes, acaba sendo penalizado por alguma regra que n\u00e3o sabia. Infelizmente isso \u00e9 comum.<\/p>\n\n\n\n<p><strong>Varejo S.A. &#8211; Qual a import\u00e2ncia desse dia para o Com\u00e9rcio e os consumidores?<br>Raphael Paganini &#8211; <\/strong>O DLI une as duas pontas: os consumidores e varejistas. Os empreendedores t\u00eam a oportunidade de mostrar aos seus clientes a composi\u00e7\u00e3o do valor dos produtos, indicando o percentual enorme de impostos.<\/p>\n\n\n\n<p><strong>Varejo S.A. &#8211; Como est\u00e3o os preparativos para a edi\u00e7\u00e3o deste ano?<br>Raphael Paganini &#8211; <\/strong>Estamos com a\u00e7\u00f5es previstas na maioria das capitais do Brasil, em varejos de diversos segmentos, shopping centers, postos de gasolina, entre outros com\u00e9rcios participantes. No Rio de Janeiro, haver\u00e1 venda de combust\u00edvel sem imposto no Recreio dos Bandeirantes; e o Ilha Shopping tamb\u00e9m participa pelo segundo ano consecutivo.<\/p>\n\n\n\n<p>As pessoas interessadas em comprar produtos com desconto devem entrar no site <a rel=\"noreferrer noopener\" href=\"http:\/\/www.dialivredeimpostos.org.br\" target=\"_blank\">www.dialivredeimpostos.org.br<\/a>. L\u00e1, poder\u00e3o conferir os com\u00e9rcios locais participantes mais pr\u00f3ximos e as ofertas, que estar\u00e3o vis\u00edveis s\u00f3 a partir do dia 22 deste m\u00eas.<\/p>\n\n\n\n<p><strong>Varejo S.A. &#8211; Al\u00e9m dos descontos e das mobiliza\u00e7\u00f5es em todo o pa\u00eds, o DLI tamb\u00e9m recolhe assinaturas para um manifesto online em favor da Reforma Tribut\u00e1ria. Por qu\u00ea?<br>Raphael Paganini &#8211; <\/strong>O manifesto \u00e9 importante, pois mostra a uni\u00e3o do consumidor e do comerciante diante a mesma causa. Os brasileiros poder\u00e3o consumir os produtos se educando sobre a carga tribut\u00e1ria e entendendo como seria se os impostos fossem menores. J\u00e1 os comerciantes vender\u00e3o seus produtos mostrando o quanto a carga tribut\u00e1ria pesa no bolso da popula\u00e7\u00e3o, al\u00e9m de protestar em favor da redu\u00e7\u00e3o na quantidade e no tamanho dos tributos e da burocracia tribut\u00e1ria.<\/p>\n\n\n\n<p><strong>Varejo S.A. &#8211; Esta \u00e9 a segunda vez que, o DLI ter\u00e1 uma sess\u00e3o solene no Congresso Nacional. Qual \u00e9 a expectativa?<br>Raphael Paganini &#8211; <\/strong>O Congresso est\u00e1 bastante renovado, e por isso, queremos mostrar que o Brasil precisa de uma Reforma Tribut\u00e1ria ampla e o quanto isso \u00e9 essencial para a gera\u00e7\u00e3o de novos neg\u00f3cios. A redu\u00e7\u00e3o do peso e da burocracia tribut\u00e1ria \u00e9 uma bandeira antiga do Sistema CNDL, e como a principal rede representativa do Varejo no pa\u00eds, queremos ser ouvidos. Temos muito a contribuir na busca pela diminui\u00e7\u00e3o da burocracia e a implementa\u00e7\u00e3o de um limite no percentual de impostos, que cresce a cada ano.<\/p>\n\n\n\n<p><em>Reportagem: Mikaella Paiva<br>Edi\u00e7\u00e3o: Fernanda Peregrino<\/em><\/p>\n","protected":false},"excerpt":{"rendered":"<p>A 17\u00aa edi\u00e7\u00e3o do DLI acontecer\u00e1 no dia 25 de maio, em todo o Brasil; no dia 22, o Congresso Nacional realiza sess\u00e3o solene em homenagem \u00e0 mobiliza\u00e7\u00e3o.<\/p>\n","protected":false},"author":19,"featured_media":23770,"comment_status":"closed","ping_status":"open","sticky":false,"template":"","format":"standard","meta":{"footnotes":""},"categories":[5891],"tags":[464,247,1300,1339,317,322,249,250],"class_list":["post-19559","post","type-post","status-publish","format-standard","has-post-thumbnail","hentry","category-empreendedorismo","tag-carga-tributaria","tag-comercio","tag-dli","tag-dli-2023","tag-empreendedorismo","tag-reforma-tributaria","tag-varejo","tag-vendas"],"_links":{"self":[{"href":"https:\/\/cndl.org.br\/varejosa\/wp-json\/wp\/v2\/posts\/19559","targetHints":{"allow":["GET"]}}],"collection":[{"href":"https:\/\/cndl.org.br\/varejosa\/wp-json\/wp\/v2\/posts"}],"about":[{"href":"https:\/\/cndl.org.br\/varejosa\/wp-json\/wp\/v2\/types\/post"}],"author":[{"embeddable":true,"href":"https:\/\/cndl.org.br\/varejosa\/wp-json\/wp\/v2\/users\/19"}],"replies":[{"embeddable":true,"href":"https:\/\/cndl.org.br\/varejosa\/wp-json\/wp\/v2\/comments?post=19559"}],"version-history":[{"count":0,"href":"https:\/\/cndl.org.br\/varejosa\/wp-json\/wp\/v2\/posts\/19559\/revisions"}],"wp:featuredmedia":[{"embeddable":true,"href":"https:\/\/cndl.org.br\/varejosa\/wp-json\/wp\/v2\/media\/23770"}],"wp:attachment":[{"href":"https:\/\/cndl.org.br\/varejosa\/wp-json\/wp\/v2\/media?parent=19559"}],"wp:term":[{"taxonomy":"category","embeddable":true,"href":"https:\/\/cndl.org.br\/varejosa\/wp-json\/wp\/v2\/categories?post=19559"},{"taxonomy":"post_tag","embeddable":true,"href":"https:\/\/cndl.org.br\/varejosa\/wp-json\/wp\/v2\/tags?post=19559"}],"curies":[{"name":"wp","href":"https:\/\/api.w.org\/{rel}","templated":true}]}}