{"id":19572,"date":"2023-05-22T10:25:33","date_gmt":"2023-05-22T13:25:33","guid":{"rendered":"https:\/\/cndl.org.br\/varejosasa\/?p=19572"},"modified":"2026-01-29T10:11:54","modified_gmt":"2026-01-29T13:11:54","slug":"congresso-tera-sessao-solene-para-promover-a-acao-do-dia-livre-de-impostos","status":"publish","type":"post","link":"https:\/\/cndl.org.br\/varejosa\/congresso-tera-sessao-solene-para-promover-a-acao-do-dia-livre-de-impostos\/","title":{"rendered":"Congresso ter\u00e1 sess\u00e3o solene, hoje, para promover a a\u00e7\u00e3o do Dia Livre de Impostos"},"content":{"rendered":"\n<p>O Congresso Nacional tem sess\u00e3o solene convocada para segunda-feira (22), \u00e0s 15h, no plen\u00e1rio da C\u00e2mara dos Deputados, para &#8220;promover a a\u00e7\u00e3o do Dia Livre de Impostos e refor\u00e7ar a import\u00e2ncia do di\u00e1logo sobre a pauta da reforma tribut\u00e1ria&#8221;.\u00a0<\/p>\n\n\n\n<p>A sess\u00e3o foi requerida pelos senadores Efraim Filho (Uni\u00e3o-PB) e Alan Rick (Uni\u00e3o-AC) e pelo deputado Domingos S\u00e1vio (PL-MG). No documento, os parlamentares defendem a simplifica\u00e7\u00e3o do sistema tribut\u00e1rio e a redu\u00e7\u00e3o da carga de impostos.<\/p>\n\n\n\n<p>De acordo com o pedido, o Dia Livre de Impostos \u00e9 um projeto comandado pela CDL Jovem (C\u00e2mara de Dirigentes Lojistas Jovem), ligada \u00e0 CNDL (Confedera\u00e7\u00e3o Nacional de Dirigentes Lojistas). O evento \u00e9 promovido h\u00e1 16 anos no dia 25 de maio, com participa\u00e7\u00e3o de mais de 40 mil empresas.<\/p>\n\n\n\n<p>O requerimento que pediu a sess\u00e3o solene explica que o Dia Livre de Impostos &#8220;tem como objetivo realizar uma data de vendas com lojistas, para conscientizar a popula\u00e7\u00e3o sobre a alta carga tribut\u00e1ria, excesso de burocracia e o peso dos impostos sobre o consumo no Brasil&#8221;.<\/p>\n","protected":false},"excerpt":{"rendered":"<p>O Congresso Nacional tem sess\u00e3o solene convocada para segunda-feira (22), \u00e0s 15h, no plen\u00e1rio da C\u00e2mara dos Deputados.<\/p>\n","protected":false},"author":19,"featured_media":19573,"comment_status":"closed","ping_status":"open","sticky":false,"template":"","format":"standard","meta":{"footnotes":""},"categories":[5891],"tags":[247,1296,1300,1339,341,249,250],"class_list":["post-19572","post","type-post","status-publish","format-standard","has-post-thumbnail","hentry","category-empreendedorismo","tag-comercio","tag-dia-livre-de-impostos","tag-dli","tag-dli-2023","tag-economia","tag-varejo","tag-vendas"],"_links":{"self":[{"href":"https:\/\/cndl.org.br\/varejosa\/wp-json\/wp\/v2\/posts\/19572","targetHints":{"allow":["GET"]}}],"collection":[{"href":"https:\/\/cndl.org.br\/varejosa\/wp-json\/wp\/v2\/posts"}],"about":[{"href":"https:\/\/cndl.org.br\/varejosa\/wp-json\/wp\/v2\/types\/post"}],"author":[{"embeddable":true,"href":"https:\/\/cndl.org.br\/varejosa\/wp-json\/wp\/v2\/users\/19"}],"replies":[{"embeddable":true,"href":"https:\/\/cndl.org.br\/varejosa\/wp-json\/wp\/v2\/comments?post=19572"}],"version-history":[{"count":0,"href":"https:\/\/cndl.org.br\/varejosa\/wp-json\/wp\/v2\/posts\/19572\/revisions"}],"wp:featuredmedia":[{"embeddable":true,"href":"https:\/\/cndl.org.br\/varejosa\/wp-json\/wp\/v2\/media\/19573"}],"wp:attachment":[{"href":"https:\/\/cndl.org.br\/varejosa\/wp-json\/wp\/v2\/media?parent=19572"}],"wp:term":[{"taxonomy":"category","embeddable":true,"href":"https:\/\/cndl.org.br\/varejosa\/wp-json\/wp\/v2\/categories?post=19572"},{"taxonomy":"post_tag","embeddable":true,"href":"https:\/\/cndl.org.br\/varejosa\/wp-json\/wp\/v2\/tags?post=19572"}],"curies":[{"name":"wp","href":"https:\/\/api.w.org\/{rel}","templated":true}]}}