{"id":19619,"date":"2023-05-23T12:35:55","date_gmt":"2023-05-23T15:35:55","guid":{"rendered":"https:\/\/cndl.org.br\/varejosasa\/?p=19619"},"modified":"2026-01-29T10:21:19","modified_gmt":"2026-01-29T13:21:19","slug":"pacheco-defende-autonomia-do-bc-mas-cobra-compromisso-com-queda-de-juros","status":"publish","type":"post","link":"https:\/\/cndl.org.br\/varejosa\/pacheco-defende-autonomia-do-bc-mas-cobra-compromisso-com-queda-de-juros\/","title":{"rendered":"Pacheco defende autonomia do BC, mas cobra compromisso com queda de juros"},"content":{"rendered":"\n<p>O presidente do Senado, Rodrigo Pacheco, disse nesta segunda-feira (22) que a autonomia do Banco Central \u00e9 \u201cuma conquista importante para o Brasil\u201d. Mas salientou que a autoridade monet\u00e1ria n\u00e3o tem \u201cum poder absoluto\u201d e precisa \u201cpromover a redu\u00e7\u00e3o gradativa da taxa b\u00e1sica de juros\u201d. Pacheco participou da abertura do semin\u00e1rio \u201cDois anos de autonomia do Banco Central: li\u00e7\u00f5es para futuro\u201d, promovido pelo jornal Folha de S.Paulo.<\/p>\n\n\n\n<p>&#8220;Considero a autonomia do Banco Central uma conquista importante do Brasil nos tempos modernos, em que a autonomia e a preval\u00eancia da t\u00e9cnica s\u00e3o algo importante para se evitar interfer\u00eancias pol\u00edticas por vezes indesej\u00e1veis. Isso n\u00e3o significa um poder absoluto. O Banco Central tem compromisso com a solidez do sistema financeiro e com a estabilidade da nossa moeda. Mas tem tamb\u00e9m com o bem-estar da popula\u00e7\u00e3o e o pleno emprego. De modo que \u00e9 compromisso do Banco Central compreender o momento em que estamos vivendo e promover a redu\u00e7\u00e3o gradativa da taxa b\u00e1sica de juros&#8221;, disse.<\/p>\n\n\n\n<p>Pacheco afirmou ainda que o Senado deve \u201cter a maior rapidez poss\u00edvel\u201d para votar o novo arcabou\u00e7o fiscal. O projeto de lei complementar (PLP)&nbsp;93\/2023 do Poder Executivo aguarda vota\u00e7\u00e3o na C\u00e2mara, onde recebeu um substitutivo do relator, deputado Claudio Cajado (PP-BA).<\/p>\n\n\n\n<p>&#8220;Assim que chegar da C\u00e2mara dos Deputados, vamos cuidar no Senado de ter a maior rapidez poss\u00edvel para entregar, obviamente neste primeiro semestre ainda, o arcabou\u00e7o fiscal decidido pelo Congresso Nacional. S\u00f3 n\u00e3o vou fixar data porque, como a C\u00e2mara ainda n\u00e3o apreciou, vamos aguardar chegar. Vou reunir os l\u00edderes e n\u00f3s vamos escolher o melhor procedimento&#8221;. afirmou.<\/p>\n\n\n\n<p>Segundo o presidente do Senado, a Casa s\u00f3 deve opinar sobre a manuten\u00e7\u00e3o ou n\u00e3o do texto aprovado pela C\u00e2mara ap\u00f3s a vota\u00e7\u00e3o da mat\u00e9ria pelos deputados.<\/p>\n\n\n\n<p>&#8220;Primeiro, \u00e9 importante que a C\u00e2mara aprecie o relat\u00f3rio do deputado Claudio Cajado. Se h\u00e1 a tend\u00eancia de se manter ou n\u00e3o \u00e9 uma avalia\u00e7\u00e3o que vamos fazer depois que a C\u00e2mara decidir quais s\u00e3o todos os requisites desse novo marco fiscal. Mas n\u00e3o tenho d\u00favida de que ser\u00e1 aprovado na C\u00e2mara e no Senado. Em breve vamos ter um novo regime fiscal, que permitir\u00e1 o aumento da arrecada\u00e7\u00e3o e que as despesas sejam sustent\u00e1veis para o Brasil voltar a crescer e a enfrentar seus problemas sociais&#8221;, disse.<\/p>\n\n\n\n<p><strong>Reforma tribut\u00e1ria<\/strong><br>Durante entrevista coletiva, Rodrigo Pacheco foi questionado por jornalistas sobre a tramita\u00e7\u00e3o da reforma tribut\u00e1ria no Congresso Nacional. Na semana passada, o presidente da C\u00e2mara, Arthur Lira, disse que a proposta de emenda \u00e0 Constitui\u00e7\u00e3o que trata do tema (PEC 45\/2019) deve ser votada pelos deputados ainda no primeiro semestre.<\/p>\n\n\n\n<p>&#8220;A reforma tribut\u00e1ria sempre foi uma prioridade do Parlamento brasileiro. Nos \u00faltimos dois anos da minha gest\u00e3o como presidente do Senado, debatemos muito a PEC 110\/2019, mas n\u00e3o havia o apoio necess\u00e1rio naquele momento. Hoje, a gente enxerga um apoio muito contundente do governo federal, do ministro da Fazenda [Fernando Haddad] e da ministra do Planejamento [Simone Tebet] para uma reforma tribut\u00e1ria. Um ambiente muito melhor para a aprova\u00e7\u00e3o do que antes. T\u00e3o logo chegue ao Senado, vamos ter o senso de urg\u00eancia em rela\u00e7\u00e3o a essa mat\u00e9ria, como estamos tendo em rela\u00e7\u00e3o ao arcabou\u00e7o fiscal&#8221;, disse Pacheco.<\/p>\n\n\n\n<p><em>Fonte: Ag\u00eancia Senado<\/em><\/p>\n","protected":false},"excerpt":{"rendered":"<p>Pacheco participou da abertura do semin\u00e1rio \u201cDois anos de autonomia do Banco Central: li\u00e7\u00f5es para futuro\u201d, promovido pelo jornal Folha de S.Paulo.<\/p>\n","protected":false},"author":12,"featured_media":19620,"comment_status":"closed","ping_status":"open","sticky":false,"template":"","format":"standard","meta":{"footnotes":""},"categories":[5891],"tags":[273,341,498,404],"class_list":["post-19619","post","type-post","status-publish","format-standard","has-post-thumbnail","hentry","category-empreendedorismo","tag-banco-central","tag-economia","tag-selic","tag-taxa-de-juros"],"_links":{"self":[{"href":"https:\/\/cndl.org.br\/varejosa\/wp-json\/wp\/v2\/posts\/19619","targetHints":{"allow":["GET"]}}],"collection":[{"href":"https:\/\/cndl.org.br\/varejosa\/wp-json\/wp\/v2\/posts"}],"about":[{"href":"https:\/\/cndl.org.br\/varejosa\/wp-json\/wp\/v2\/types\/post"}],"author":[{"embeddable":true,"href":"https:\/\/cndl.org.br\/varejosa\/wp-json\/wp\/v2\/users\/12"}],"replies":[{"embeddable":true,"href":"https:\/\/cndl.org.br\/varejosa\/wp-json\/wp\/v2\/comments?post=19619"}],"version-history":[{"count":0,"href":"https:\/\/cndl.org.br\/varejosa\/wp-json\/wp\/v2\/posts\/19619\/revisions"}],"wp:featuredmedia":[{"embeddable":true,"href":"https:\/\/cndl.org.br\/varejosa\/wp-json\/wp\/v2\/media\/19620"}],"wp:attachment":[{"href":"https:\/\/cndl.org.br\/varejosa\/wp-json\/wp\/v2\/media?parent=19619"}],"wp:term":[{"taxonomy":"category","embeddable":true,"href":"https:\/\/cndl.org.br\/varejosa\/wp-json\/wp\/v2\/categories?post=19619"},{"taxonomy":"post_tag","embeddable":true,"href":"https:\/\/cndl.org.br\/varejosa\/wp-json\/wp\/v2\/tags?post=19619"}],"curies":[{"name":"wp","href":"https:\/\/api.w.org\/{rel}","templated":true}]}}