{"id":19835,"date":"2023-06-13T10:42:24","date_gmt":"2023-06-13T13:42:24","guid":{"rendered":"https:\/\/cndl.org.br\/varejosasa\/?p=19835"},"modified":"2024-02-04T14:53:47","modified_gmt":"2024-02-04T17:53:47","slug":"paulo-cuenca-realiza-maratona-de-5-aulas-gratuitas-de-marketing-de-conteudo","status":"publish","type":"post","link":"https:\/\/cndl.org.br\/varejosa\/paulo-cuenca-realiza-maratona-de-5-aulas-gratuitas-de-marketing-de-conteudo\/","title":{"rendered":"Paulo Cuenca realiza maratona de 5 aulas gratuitas de marketing de conte\u00fado"},"content":{"rendered":"\n<p>Para celebrar a realiza\u00e7\u00e3o da 10\u00aa turma do curso O Superpoder e o marco de mais de 20 mil alunos capacitados, o especialista vai mostrar como \u00e9 poss\u00edvel transformar o Instagram em uma verdadeira plataforma de neg\u00f3cios de sua marca<\/p>\n\n\n<div class=\"wp-block-image\">\n<figure class=\"alignright size-full is-resized\"><img loading=\"lazy\" decoding=\"async\" src=\"https:\/\/cndl.org.br\/varejosasa\/wp-content\/uploads\/2023\/06\/1658730108856.jpg\" alt=\"\" class=\"wp-image-19836\" width=\"252\" height=\"252\" srcset=\"https:\/\/cndl.org.br\/varejosa\/wp-content\/uploads\/2023\/06\/1658730108856.jpg 800w, https:\/\/cndl.org.br\/varejosa\/wp-content\/uploads\/2023\/06\/1658730108856-300x300.jpg 300w, https:\/\/cndl.org.br\/varejosa\/wp-content\/uploads\/2023\/06\/1658730108856-150x150.jpg 150w, https:\/\/cndl.org.br\/varejosa\/wp-content\/uploads\/2023\/06\/1658730108856-768x768.jpg 768w, https:\/\/cndl.org.br\/varejosa\/wp-content\/uploads\/2023\/06\/1658730108856-550x550.jpg 550w, https:\/\/cndl.org.br\/varejosa\/wp-content\/uploads\/2023\/06\/1658730108856-600x600.jpg 600w, https:\/\/cndl.org.br\/varejosa\/wp-content\/uploads\/2023\/06\/1658730108856-500x500.jpg 500w\" sizes=\"auto, (max-width: 252px) 100vw, 252px\" \/><figcaption class=\"wp-element-caption\"><em>Paulo Cuenca, Diretor de Marketing no The Brain (Foto: Linkedln)<\/em><\/figcaption><\/figure>\n<\/div>\n\n\n<p>Nos 20, 21, 22, 23 e 25 de junho, Paulo Cuenca, um dos maiores especialistas em marketing de conte\u00fado do Brasil, vai promover uma maratona de aulas online gratuitas sobre como melhorar a performance no Instagram fazer do perfil na rede social um canal de vendas e engajamento eficiente.<\/p>\n\n\n\n<p>Voltado a criadores de conte\u00fado, novos empreendedores e suas marcas, os cursos mostram como transformar conte\u00fado em dinheiro, com publica\u00e7\u00f5es que realmente envolvam seu p\u00fablico e construindo uma comunidade s\u00f3lida e engajada.<\/p>\n\n\n\n<p>O curso \u00e9 dividido em 12 m\u00f3dulos que v\u00e3o orientar os alunos a identificar seus perfis, realizar um funil de conte\u00fado estrat\u00e9gico e a melhor frequ\u00eancia, analisar dados e m\u00e9tricas, entender sobre as novas oportunidades de neg\u00f3cio com metaverso e intelig\u00eancia artificial e aprender modelos de storytelling que contribuem para gerar engajamento e novas conex\u00f5es.<\/p>\n\n\n\n<p>Lan\u00e7ado em 2020, o curso O Superpoder firmou o nome de Paulo Cuenca no segmento das EDtechs. Em menos de tr\u00eas anos, o curso j\u00e1 foi realizado por mais de 20 mil alunos, e entrar\u00e1 em sua 10\u00aa turma, com in\u00edcio dia 26 de junho. Co-fundador da The Brain e da holding Supernova, empresas que realizam cursos nas \u00e1reas de marketing, comunica\u00e7\u00e3o e digital, al\u00e9m de presta\u00e7\u00e3o de servi\u00e7os de produ\u00e7\u00e3o de conte\u00fado, Paulo Cuenca \u00e9 reconhecido como uma das vozes mais fortes no marketing digital.<\/p>\n\n\n\n<p>Para inscri\u00e7\u00f5es e mais informa\u00e7\u00f5es acesse: <a href=\"https:\/\/oteste.paulocuenca.com.br\" target=\"_blank\" rel=\"noreferrer noopener\">https:\/\/oteste.paulocuenca.com.br<\/a><\/p>\n","protected":false},"excerpt":{"rendered":"<p>Para celebrar a realiza\u00e7\u00e3o da 10\u00aa turma do curso O Superpoder e o marco de mais de 20 mil alunos capacitados, o especialista vai mostrar como \u00e9 poss\u00edvel transformar o Instagram em uma verdadeira plataforma de neg\u00f3cios de sua marca<\/p>\n","protected":false},"author":7,"featured_media":19837,"comment_status":"closed","ping_status":"open","sticky":false,"template":"","format":"standard","meta":{"footnotes":""},"categories":[51],"tags":[1306,1532,1533,1534,1535],"class_list":["post-19835","post","type-post","status-publish","format-standard","has-post-thumbnail","hentry","category-inovacao","tag-curso-gratuito","tag-instagram","tag-marketing-de-conteudo","tag-marketing-para-o-instagram","tag-paulo-cuenca"],"_links":{"self":[{"href":"https:\/\/cndl.org.br\/varejosa\/wp-json\/wp\/v2\/posts\/19835","targetHints":{"allow":["GET"]}}],"collection":[{"href":"https:\/\/cndl.org.br\/varejosa\/wp-json\/wp\/v2\/posts"}],"about":[{"href":"https:\/\/cndl.org.br\/varejosa\/wp-json\/wp\/v2\/types\/post"}],"author":[{"embeddable":true,"href":"https:\/\/cndl.org.br\/varejosa\/wp-json\/wp\/v2\/users\/7"}],"replies":[{"embeddable":true,"href":"https:\/\/cndl.org.br\/varejosa\/wp-json\/wp\/v2\/comments?post=19835"}],"version-history":[{"count":0,"href":"https:\/\/cndl.org.br\/varejosa\/wp-json\/wp\/v2\/posts\/19835\/revisions"}],"wp:featuredmedia":[{"embeddable":true,"href":"https:\/\/cndl.org.br\/varejosa\/wp-json\/wp\/v2\/media\/19837"}],"wp:attachment":[{"href":"https:\/\/cndl.org.br\/varejosa\/wp-json\/wp\/v2\/media?parent=19835"}],"wp:term":[{"taxonomy":"category","embeddable":true,"href":"https:\/\/cndl.org.br\/varejosa\/wp-json\/wp\/v2\/categories?post=19835"},{"taxonomy":"post_tag","embeddable":true,"href":"https:\/\/cndl.org.br\/varejosa\/wp-json\/wp\/v2\/tags?post=19835"}],"curies":[{"name":"wp","href":"https:\/\/api.w.org\/{rel}","templated":true}]}}