{"id":20144,"date":"2023-07-07T17:51:27","date_gmt":"2023-07-07T20:51:27","guid":{"rendered":"https:\/\/cndl.org.br\/varejosasa\/?p=20144"},"modified":"2026-01-29T10:20:55","modified_gmt":"2026-01-29T13:20:55","slug":"entenda-as-principais-mudancas-propostas-pela-reforma-tributaria","status":"publish","type":"post","link":"https:\/\/cndl.org.br\/varejosa\/entenda-as-principais-mudancas-propostas-pela-reforma-tributaria\/","title":{"rendered":"Entenda as principais mudan\u00e7as propostas pela Reforma Tribut\u00e1ria"},"content":{"rendered":"\n<p>A C\u00e2mara dos Deputados aprovou, nesta sexta-feira (7\/7), a reforma tribut\u00e1ria (PEC 45\/19), que simplifica impostos sobre o consumo, prev\u00ea a cria\u00e7\u00e3o de fundos para o desenvolvimento regional e para bancar cr\u00e9ditos do ICMS at\u00e9 2032, e unifica a legisla\u00e7\u00e3o dos novos tributos. A proposta foi aprovada em dois turnos e seguir\u00e1 para o Senado Federal.<\/p>\n\n\n\n<p>O setor de Com\u00e9rcio e Servi\u00e7os conseguiu que alguns dos seus pleitos fossem atendidos no texto final, como a isen\u00e7\u00e3o da cesta b\u00e1sica, defender e preservar o Simples Nacional e a inclus\u00e3o de bares, restaurantes, hot\u00e9is, parques e transporte no regime especial com al\u00edquotas diferenciadas.<\/p>\n\n\n\n<p>No entanto, ainda existem muitas incertezas, como a defini\u00e7\u00e3o sobre a al\u00edquota de refer\u00eancia do novo modelo tribut\u00e1rio, aproveitamento de cr\u00e9dito da folha de pagamento do setor de servi\u00e7os e uma s\u00e9rie de Leis Complementares.<\/p>\n\n\n\n<p>Desde as primeiras discuss\u00f5es em torno das PECs 45 e 110 &#8212; que formam a base do texto aprovado na C\u00e2mara &#8211;, passando pelo grupo de trabalho criado no Congresso para discuss\u00e3o da Reforma, a Confedera\u00e7\u00e3o Nacional de Dirigentes Lojistas (CNDL) apoiou a cria\u00e7\u00e3o de um novo modelo tribut\u00e1rio para o pa\u00eds e atuou fortemente para garantir um texto que atendesse os interesses do setor de com\u00e9rcio e servi\u00e7os.<\/p>\n\n\n\n<p>A CNDL seguir\u00e1 trabalhando e colaborando com as discuss\u00f5es em torno da Reforma agora no Senado Federal e posteriormente na Lei Complementar e regulamenta\u00e7\u00f5es.<\/p>\n\n\n\n<p>Veja os principais pontos da Reforma Tribut\u00e1ria aprovada na C\u00e2mara, clicando no link abaixo. O material foi elaborado por nossa equipe de Rela\u00e7\u00f5es Institucionais e Governamentais.<\/p>\n\n\n\n<div data-wp-interactive=\"core\/file\" class=\"wp-block-file\"><object data-wp-bind--hidden=\"!state.hasPdfPreview\" hidden class=\"wp-block-file__embed\" data=\"https:\/\/cndl.org.br\/varejosasa\/wp-content\/uploads\/2023\/07\/Principais-pontos-da-Reforma-Tributaria-aprovada-CD-em-07_07_2023_PEC-45_2019-2.pdf\" type=\"application\/pdf\" style=\"width:100%;height:600px\" aria-label=\"Incorporado de Principais-pontos-da-Reforma-Tributaria-aprovada-CD-em-07_07_2023_PEC-45_2019-2.\"><\/object><a id=\"wp-block-file--media-bb0d8c76-3b1a-4131-b361-7f2ee415f1be\" href=\"https:\/\/cndl.org.br\/varejosasa\/wp-content\/uploads\/2023\/07\/Principais-pontos-da-Reforma-Tributaria-aprovada-CD-em-07_07_2023_PEC-45_2019-2.pdf\">Principais-pontos-da-Reforma-Tributaria-aprovada-CD-em-07_07_2023_PEC-45_2019-2<\/a><a href=\"https:\/\/cndl.org.br\/varejosasa\/wp-content\/uploads\/2023\/07\/Principais-pontos-da-Reforma-Tributaria-aprovada-CD-em-07_07_2023_PEC-45_2019-2.pdf\" class=\"wp-block-file__button wp-element-button\" download aria-describedby=\"wp-block-file--media-bb0d8c76-3b1a-4131-b361-7f2ee415f1be\">Baixar<\/a><\/div>\n","protected":false},"excerpt":{"rendered":"<p>Equipe de RIG da CNDL elaborou um documento com os principais pontos da Reforma Tribut\u00e1ria aprovada na C\u00e2mara dos Deputados nesta sexta, 7\/7.<\/p>\n","protected":false},"author":7,"featured_media":20135,"comment_status":"closed","ping_status":"open","sticky":false,"template":"","format":"standard","meta":{"footnotes":""},"categories":[5891],"tags":[],"class_list":["post-20144","post","type-post","status-publish","format-standard","has-post-thumbnail","hentry","category-empreendedorismo"],"_links":{"self":[{"href":"https:\/\/cndl.org.br\/varejosa\/wp-json\/wp\/v2\/posts\/20144","targetHints":{"allow":["GET"]}}],"collection":[{"href":"https:\/\/cndl.org.br\/varejosa\/wp-json\/wp\/v2\/posts"}],"about":[{"href":"https:\/\/cndl.org.br\/varejosa\/wp-json\/wp\/v2\/types\/post"}],"author":[{"embeddable":true,"href":"https:\/\/cndl.org.br\/varejosa\/wp-json\/wp\/v2\/users\/7"}],"replies":[{"embeddable":true,"href":"https:\/\/cndl.org.br\/varejosa\/wp-json\/wp\/v2\/comments?post=20144"}],"version-history":[{"count":0,"href":"https:\/\/cndl.org.br\/varejosa\/wp-json\/wp\/v2\/posts\/20144\/revisions"}],"wp:featuredmedia":[{"embeddable":true,"href":"https:\/\/cndl.org.br\/varejosa\/wp-json\/wp\/v2\/media\/20135"}],"wp:attachment":[{"href":"https:\/\/cndl.org.br\/varejosa\/wp-json\/wp\/v2\/media?parent=20144"}],"wp:term":[{"taxonomy":"category","embeddable":true,"href":"https:\/\/cndl.org.br\/varejosa\/wp-json\/wp\/v2\/categories?post=20144"},{"taxonomy":"post_tag","embeddable":true,"href":"https:\/\/cndl.org.br\/varejosa\/wp-json\/wp\/v2\/tags?post=20144"}],"curies":[{"name":"wp","href":"https:\/\/api.w.org\/{rel}","templated":true}]}}