{"id":20217,"date":"2023-07-14T10:18:39","date_gmt":"2023-07-14T13:18:39","guid":{"rendered":"https:\/\/cndl.org.br\/varejosasa\/?p=20217"},"modified":"2024-01-18T14:57:32","modified_gmt":"2024-01-18T17:57:32","slug":"desenrola-15-milhao-de-brasileiros-com-dividas-ate-r-100-vao-ter-o-nome-limpo","status":"publish","type":"post","link":"https:\/\/cndl.org.br\/varejosa\/desenrola-15-milhao-de-brasileiros-com-dividas-ate-r-100-vao-ter-o-nome-limpo\/","title":{"rendered":"Desenrola: 1,5 milh\u00e3o de brasileiros com d\u00edvidas at\u00e9 R$ 100 v\u00e3o ter o nome limpo"},"content":{"rendered":"\n<p><em>Bancos v\u00e3o retirar essas d\u00edvidas do chamado &#8216;cadastro negativo&#8217; \u2013 mas d\u00e9bito continuar\u00e1 existindo. Renegocia\u00e7\u00e3o para quem tem renda de at\u00e9 R$ 20 mil mensais tamb\u00e9m come\u00e7a na segunda<\/em><\/p>\n\n\n\n<p>O programa &#8220;Desenrola&#8221;, criado pelo governo federal para a renegocia\u00e7\u00e3o de d\u00edvidas, come\u00e7ar\u00e1 a operar j\u00e1 na pr\u00f3xima segunda-feira (17). A data foi antecipada pelo Minist\u00e9rio da Fazenda em uma portaria, publicada nesta sexta (14). Por enquanto, a renegocia\u00e7\u00e3o vale apenas para a faixa 2 do programa, para pessoas com renda mensal de at\u00e9 R$ 20 mil. Segundo o governo, tamb\u00e9m na segunda-feira, os maiores bancos do pa\u00eds ter\u00e3o que &#8220;limpar o nome&#8221; de at\u00e9 1,5 milh\u00e3o de correntistas que t\u00eam d\u00edvidas inferiores a R$ 100.<\/p>\n\n\n\n<p>A medida n\u00e3o \u00e9 um perd\u00e3o de d\u00edvidas. O d\u00e9bito inferior a R$ 100 continuar\u00e1 existindo, mas os bancos se comprometem, pelo programa, a n\u00e3o usar essa d\u00edvida para inserir os correntistas no cadastro negativo. Na pr\u00e1tica, se a pessoa n\u00e3o tiver outras d\u00edvidas inscritas no cadastro negativo, fica com o &#8220;nome limpo&#8221; \u2013 e pode voltar a comprar a prazo, contrair empr\u00e9stimo ou fechar contrato de aluguel, por exemplo.<\/p>\n\n\n\n<p>Esse compromisso foi um pr\u00e9-requisito estabelecido pelo governo para que os grandes bancos pudessem participar do Desenrola. O prazo original iria at\u00e9 o fim de julho, mas foi antecipado junto com a nova data do programa.<\/p>\n\n\n\n<p>A faixa 1 do programa Desenrola, para quem tem renda de at\u00e9 R$ 2.640 (dois sal\u00e1rios m\u00ednimos) ou est\u00e1 inscrito no Cadastro \u00danico do governo federal (Cad\u00danico), deve come\u00e7ar a operar em setembro. Nessa faixa, os descontos devem ser ainda mais vantajosos.<\/p>\n\n\n\n<p><strong>As regras para a faixa 2<\/strong><br>As renegocia\u00e7\u00f5es da faixa 2 poder\u00e3o ser feitas diretamente entre os clientes e as institui\u00e7\u00f5es financeiras onde os d\u00e9bitos existem. Em troca, o governo vai oferecer aos bancos um incentivo para que aumente a oferta de cr\u00e9dito.<\/p>\n\n\n\n<p>O programa n\u00e3o atender\u00e1 renegocia\u00e7\u00f5es de d\u00edvidas dos seguintes tipos:<\/p>\n\n\n\n<ul class=\"wp-block-list\">\n<li>D\u00edvidas de cr\u00e9dito rural;<\/li>\n\n\n\n<li>D\u00e9bitos com garantia da Uni\u00e3o ou de entidade p\u00fablica<\/li>\n\n\n\n<li>D\u00edvidas que n\u00e3o tenham o risco de cr\u00e9dito integralmente assumido pelos agentes financeiros;<\/li>\n\n\n\n<li>D\u00edvidas com qualquer tipo de previs\u00e3o de aporte de recursos p\u00fablicos;<\/li>\n\n\n\n<li>D\u00e9bitos com qualquer equaliza\u00e7\u00e3o de taxa de juros por parte da Uni\u00e3o.<\/li>\n<\/ul>\n\n\n\n<p><em>Fonte: G1<\/em><\/p>\n","protected":false},"excerpt":{"rendered":"<p>Bancos v\u00e3o retirar essas d\u00edvidas do chamado &#8216;cadastro negativo&#8217; \u2013 mas d\u00e9bito continuar\u00e1 existindo. Renegocia\u00e7\u00e3o para quem tem renda de at\u00e9 R$ 20 mil mensais tamb\u00e9m come\u00e7a na segunda.<\/p>\n","protected":false},"author":8,"featured_media":20009,"comment_status":"closed","ping_status":"open","sticky":false,"template":"","format":"standard","meta":{"footnotes":""},"categories":[26],"tags":[1096,341,947,266],"class_list":["post-20217","post","type-post","status-publish","format-standard","has-post-thumbnail","hentry","category-negocios-e-economia","tag-desenrola-brasil","tag-economia","tag-endividamento","tag-inadimplencia"],"_links":{"self":[{"href":"https:\/\/cndl.org.br\/varejosa\/wp-json\/wp\/v2\/posts\/20217","targetHints":{"allow":["GET"]}}],"collection":[{"href":"https:\/\/cndl.org.br\/varejosa\/wp-json\/wp\/v2\/posts"}],"about":[{"href":"https:\/\/cndl.org.br\/varejosa\/wp-json\/wp\/v2\/types\/post"}],"author":[{"embeddable":true,"href":"https:\/\/cndl.org.br\/varejosa\/wp-json\/wp\/v2\/users\/8"}],"replies":[{"embeddable":true,"href":"https:\/\/cndl.org.br\/varejosa\/wp-json\/wp\/v2\/comments?post=20217"}],"version-history":[{"count":0,"href":"https:\/\/cndl.org.br\/varejosa\/wp-json\/wp\/v2\/posts\/20217\/revisions"}],"wp:featuredmedia":[{"embeddable":true,"href":"https:\/\/cndl.org.br\/varejosa\/wp-json\/wp\/v2\/media\/20009"}],"wp:attachment":[{"href":"https:\/\/cndl.org.br\/varejosa\/wp-json\/wp\/v2\/media?parent=20217"}],"wp:term":[{"taxonomy":"category","embeddable":true,"href":"https:\/\/cndl.org.br\/varejosa\/wp-json\/wp\/v2\/categories?post=20217"},{"taxonomy":"post_tag","embeddable":true,"href":"https:\/\/cndl.org.br\/varejosa\/wp-json\/wp\/v2\/tags?post=20217"}],"curies":[{"name":"wp","href":"https:\/\/api.w.org\/{rel}","templated":true}]}}