{"id":20334,"date":"2023-07-25T11:53:40","date_gmt":"2023-07-25T14:53:40","guid":{"rendered":"https:\/\/cndl.org.br\/varejosasa\/?p=20334"},"modified":"2024-02-04T14:53:25","modified_gmt":"2024-02-04T17:53:25","slug":"capacitacoes-gratuitas-para-donos-de-bares-e-restaurantes-trazem-inovacoes-de-baixo-custo-com-alto-impacto","status":"publish","type":"post","link":"https:\/\/cndl.org.br\/varejosa\/capacitacoes-gratuitas-para-donos-de-bares-e-restaurantes-trazem-inovacoes-de-baixo-custo-com-alto-impacto\/","title":{"rendered":"Capacita\u00e7\u00f5es gratuitas para donos de bares e restaurantes trazem inova\u00e7\u00f5es de baixo custo com alto impacto"},"content":{"rendered":"\n<p>Os donos de bares, restaurantes e lanchonetes interessados em potencializar os seus pequenos neg\u00f3cios podem participar, gratuitamente, de novos cursos e programas de capacita\u00e7\u00e3o oferecidos pelo Sebrae em parceria com a Associa\u00e7\u00e3o Brasileira de Bares e Restaurantes (Abrasel). O objetivo dos treinamentos \u00e9 impulsionar o desenvolvimento, a inova\u00e7\u00e3o e o crescimento sustent\u00e1vel das empresas do ramo, com oportunidades de melhorar a efici\u00eancia energ\u00e9tica da empresa, de tornar o neg\u00f3cio mais competitivo no mercado digital e ainda de implementar inova\u00e7\u00f5es de baixo custo e alto impacto.<\/p>\n\n\n\n<p>No momento, est\u00e3o sendo oferecidas tr\u00eas op\u00e7\u00f5es de capacita\u00e7\u00e3o, sendo duas totalmente on-line e uma h\u00edbrida, com uma parte de consultoria presencial. Todos as forma\u00e7\u00f5es s\u00e3o gratuitas. Para participar, os empreendedores do segmento devem realizar uma pr\u00e9-inscri\u00e7\u00e3o no <a rel=\"noreferrer noopener\" href=\"https:\/\/www.parceriasebrae.abrasel.com.br\/\" target=\"_blank\">site espec\u00edfico da parceria do Sebrae e da Abrasel<\/a>.<\/p>\n\n\n\n<p class=\"has-background\" style=\"background-color:#c7d9ed\"><strong>Aprenda a aumentar a lucratividade do neg\u00f3cio com efici\u00eancia energ\u00e9tica<\/strong><br>Com o curso on-line \u201cAumentando a lucratividade com a efici\u00eancia energ\u00e9tica\u201d, o empres\u00e1rio ser\u00e1 capaz de compreender e aplicar as melhores pr\u00e1ticas de consumo de energia em suas atividades, reduzindo custos e desperd\u00edcios para buscar os melhores resultados. Durante duas horas de capacita\u00e7\u00e3o ser\u00e3o apresentadas pr\u00e1ticas para ter uma boa efici\u00eancia energ\u00e9tica e combater o desperd\u00edcio. O in\u00edcio do curso \u00e9 imediato e oferece certificado digital de participa\u00e7\u00e3o.<\/p>\n\n\n\n<p class=\"has-background\" style=\"background-color:#7289a487\"><strong>Melhore seu neg\u00f3cio no universo digital<\/strong><br>Os empreendedores que querem se tornar mais competitivos em um mercado cada vez mais digital podem se inscrever no programa UP Digital. A iniciativa oferece uma forma\u00e7\u00e3o ampla e pr\u00e1tica sobre marketing digital, incluindo planejamento, cria\u00e7\u00e3o de conte\u00fado e monitoramento das redes sociais. As consultorias s\u00e3o realizadas por especialistas e com foco no segmento. O programa UP Digital tem dura\u00e7\u00e3o de 15 dias e \u00e9 totalmente on-line. O in\u00edcio das turmas depende do n\u00famero de inscritos.<\/p>\n\n\n\n<p class=\"has-background\" style=\"background-color:#abb7c2a1\"><strong>Inova\u00e7\u00e3o para gastar menos e faturar mais<\/strong><br>Quem participar do programa Brasil Mais Produtivo ser\u00e1 acompanhado por um Agente Local de Inova\u00e7\u00e3o (ALI) do Sebrae por at\u00e9 seis meses, com encontros on-line e presenciais. Ap\u00f3s um diagn\u00f3stico e uma an\u00e1lise das pr\u00e1ticas de gest\u00e3o e processos produtivos da empresa, s\u00e3o identificadas as oportunidades de melhorias. Com apoio do ALI, o dono do neg\u00f3cio poder\u00e1 implementar ferramentas digitais de baixo custo. Os aspectos da empresa que s\u00e3o abordados no programa incluem marketing, faturamento e finan\u00e7as, processos e gest\u00e3o de pessoas.<\/p>\n\n\n\n<p><strong>Parceria estrat\u00e9gica<\/strong><br>O setor de alimenta\u00e7\u00e3o fora do lar \u00e9 um dos que mais emprega no Brasil e \u00e9 formado, em sua maioria, por micro e pequenas empresas (97,8%). Segundo dados do Minist\u00e9rio do Trabalho e Previd\u00eancia, em 2020, cerca de 317 mil dessas micro e pequenas empresas contratavam funcion\u00e1rios e foram respons\u00e1veis por gerar mais de 900 mil empregos.<\/p>\n\n\n\n<p>O analista de Competitividade do Sebrae Nacional Luiz Rebelatto destaca que as capacita\u00e7\u00f5es, promovidas em parceria com a Abrasel, levam aos donos de neg\u00f3cios do setor ferramentas de gest\u00e3o valiosas, de aplica\u00e7\u00e3o pr\u00e1tica e descomplicada.<\/p>\n\n\n\n<p>\u201cEssa parceria com a Abrasel vem para aprimorar as habilidades dos donos de pequenos neg\u00f3cios do ramo de alimenta\u00e7\u00e3o fora do lar para que se tornem mais competitivos, enfrentem da melhor forma os desafios do mercado e alcancem sucesso\u201d, declarou.<\/p>\n\n\n\n<p>O presidente-executivo da Abrasel, Paulo Solmucci, considera que a parceria com o Sebrae \u00e9 uma alian\u00e7a estrat\u00e9gica para impulsionar o crescimento do setor de bares e restaurantes de todo o Brasil.<\/p>\n\n\n\n<p>\u201cEstamos entusiasmados em colaborar com o Sebrae, compartilhando conhecimentos e recursos valiosos para apoiar os empreendedores do setor, promovendo o desenvolvimento sustent\u00e1vel e o fortalecimento dos neg\u00f3cios\u201d, avalia.<\/p>\n","protected":false},"excerpt":{"rendered":"<p>Pr\u00e9-inscri\u00e7\u00f5es podem ser feitas pela internet para cursos variados, sobre temas como economia de energia e presen\u00e7a digital competitiva, oferecidos pelo Sebrae e Abrasel.<\/p>\n","protected":false},"author":7,"featured_media":17869,"comment_status":"closed","ping_status":"open","sticky":false,"template":"","format":"standard","meta":{"footnotes":""},"categories":[51],"tags":[898,247,694,1590,1591,630],"class_list":["post-20334","post","type-post","status-publish","format-standard","has-post-thumbnail","hentry","category-inovacao","tag-bares-e-restaurantes","tag-comercio","tag-digitalizacao","tag-eficiencia-energetica","tag-faturar-mais","tag-inovacao"],"_links":{"self":[{"href":"https:\/\/cndl.org.br\/varejosa\/wp-json\/wp\/v2\/posts\/20334","targetHints":{"allow":["GET"]}}],"collection":[{"href":"https:\/\/cndl.org.br\/varejosa\/wp-json\/wp\/v2\/posts"}],"about":[{"href":"https:\/\/cndl.org.br\/varejosa\/wp-json\/wp\/v2\/types\/post"}],"author":[{"embeddable":true,"href":"https:\/\/cndl.org.br\/varejosa\/wp-json\/wp\/v2\/users\/7"}],"replies":[{"embeddable":true,"href":"https:\/\/cndl.org.br\/varejosa\/wp-json\/wp\/v2\/comments?post=20334"}],"version-history":[{"count":0,"href":"https:\/\/cndl.org.br\/varejosa\/wp-json\/wp\/v2\/posts\/20334\/revisions"}],"wp:featuredmedia":[{"embeddable":true,"href":"https:\/\/cndl.org.br\/varejosa\/wp-json\/wp\/v2\/media\/17869"}],"wp:attachment":[{"href":"https:\/\/cndl.org.br\/varejosa\/wp-json\/wp\/v2\/media?parent=20334"}],"wp:term":[{"taxonomy":"category","embeddable":true,"href":"https:\/\/cndl.org.br\/varejosa\/wp-json\/wp\/v2\/categories?post=20334"},{"taxonomy":"post_tag","embeddable":true,"href":"https:\/\/cndl.org.br\/varejosa\/wp-json\/wp\/v2\/tags?post=20334"}],"curies":[{"name":"wp","href":"https:\/\/api.w.org\/{rel}","templated":true}]}}