{"id":20438,"date":"2023-08-03T15:14:04","date_gmt":"2023-08-03T18:14:04","guid":{"rendered":"https:\/\/cndl.org.br\/varejosasa\/?p=20438"},"modified":"2026-01-29T10:20:35","modified_gmt":"2026-01-29T13:20:35","slug":"senado-aprova-semana-nacional-do-empreendedorismo-feminino","status":"publish","type":"post","link":"https:\/\/cndl.org.br\/varejosa\/senado-aprova-semana-nacional-do-empreendedorismo-feminino\/","title":{"rendered":"Senado aprova Semana Nacional do Empreendedorismo Feminino"},"content":{"rendered":"\n<p>O Plen\u00e1rio aprovou nesta quinta-feira (3) o projeto de lei (PL) 2.458\/2019, que cria a Semana Nacional do Empreendedorismo Feminino, a ser celebrada anualmente em novembro. A proposta da C\u00e2mara dos Deputados segue para san\u00e7\u00e3o presidencial.<\/p>\n\n\n\n<p>O PL 2.458\/2019 recebeu parecer favor\u00e1vel da senadora Damares Alves (Republicanos-DF) nas comiss\u00f5es de Educa\u00e7\u00e3o (CE) e de Direitos Humanos (CDH). A proposta prev\u00ea a realiza\u00e7\u00e3o de campanhas de esclarecimento pelo poder p\u00fablico.<\/p>\n\n\n\n<p>O objetivo da Semana Nacional do Empreendedorismo Feminino \u00e9 conscientizar a popula\u00e7\u00e3o sobre desafios enfrentados pelas mulheres empreendedoras. A relatora destaca como obst\u00e1culos as barreiras culturais e o desequil\u00edbrio entre homens e mulheres na ocupa\u00e7\u00e3o de cargos gerenciais, no valor dos sal\u00e1rios recebidos e no tempo livre para o cuidado de pessoas ou afazeres dom\u00e9sticos.<\/p>\n\n\n\n<p>Segundo Damares Alves, estudos demonstram o impacto positivo da participa\u00e7\u00e3o igualit\u00e1ria de homens e mulheres na economia de um pa\u00eds. Segundo a consultoria Mckinsey Global Institute, a igualdade de condi\u00e7\u00f5es de trabalho promoveria um incremento de 30% do Produto Interno Bruto (PIB) brasileiro.<\/p>\n\n\n\n<p>\u201cN\u00e3o nos faltam dados e estudos que comprovam a triste desigualdade de oportunidades de coloca\u00e7\u00e3o no mercado de trabalho entre homens e mulheres. O empreendedorismo \u00e9, assim, uma forma de a mulher lutar por condi\u00e7\u00f5es mais equ\u00e2nimes, visto que as chances de sucesso, pelo menos em tese, seriam iguais para homens e mulheres empreendedoras\u201d, afirma Damares em seu parecer.<\/p>\n\n\n\n<p>O Plen\u00e1rio declarou prejudicado o PL 443\/2022, que pretendia criar a Semana Nacional da Mulher Empreendedora, a ser comemorada em agosto. Proposto no ano passado pela ent\u00e3o senadora Rose de Freitas (ES), a mat\u00e9ria estava apensada ao PL 2.458\/2019. O projeto aprovado nesta quarta-feira recebeu prioridade porque estava em est\u00e1gio mais avan\u00e7ado de tramita\u00e7\u00e3o.<\/p>\n\n\n\n<p><em>Fonte: Ag\u00eancia Senado<\/em><\/p>\n","protected":false},"excerpt":{"rendered":"<p>O Plen\u00e1rio aprovou nesta quinta-feira (3) o projeto de lei (PL) 2.458\/2019, que cria a Semana Nacional do Empreendedorismo Feminino, a ser celebrada anualmente em novembro.<\/p>\n","protected":false},"author":12,"featured_media":20439,"comment_status":"closed","ping_status":"open","sticky":false,"template":"","format":"standard","meta":{"footnotes":""},"categories":[5891],"tags":[],"class_list":["post-20438","post","type-post","status-publish","format-standard","has-post-thumbnail","hentry","category-empreendedorismo"],"_links":{"self":[{"href":"https:\/\/cndl.org.br\/varejosa\/wp-json\/wp\/v2\/posts\/20438","targetHints":{"allow":["GET"]}}],"collection":[{"href":"https:\/\/cndl.org.br\/varejosa\/wp-json\/wp\/v2\/posts"}],"about":[{"href":"https:\/\/cndl.org.br\/varejosa\/wp-json\/wp\/v2\/types\/post"}],"author":[{"embeddable":true,"href":"https:\/\/cndl.org.br\/varejosa\/wp-json\/wp\/v2\/users\/12"}],"replies":[{"embeddable":true,"href":"https:\/\/cndl.org.br\/varejosa\/wp-json\/wp\/v2\/comments?post=20438"}],"version-history":[{"count":0,"href":"https:\/\/cndl.org.br\/varejosa\/wp-json\/wp\/v2\/posts\/20438\/revisions"}],"wp:featuredmedia":[{"embeddable":true,"href":"https:\/\/cndl.org.br\/varejosa\/wp-json\/wp\/v2\/media\/20439"}],"wp:attachment":[{"href":"https:\/\/cndl.org.br\/varejosa\/wp-json\/wp\/v2\/media?parent=20438"}],"wp:term":[{"taxonomy":"category","embeddable":true,"href":"https:\/\/cndl.org.br\/varejosa\/wp-json\/wp\/v2\/categories?post=20438"},{"taxonomy":"post_tag","embeddable":true,"href":"https:\/\/cndl.org.br\/varejosa\/wp-json\/wp\/v2\/tags?post=20438"}],"curies":[{"name":"wp","href":"https:\/\/api.w.org\/{rel}","templated":true}]}}