{"id":20470,"date":"2023-08-07T11:08:27","date_gmt":"2023-08-07T14:08:27","guid":{"rendered":"https:\/\/cndl.org.br\/varejosasa\/?p=20470"},"modified":"2024-02-04T13:24:06","modified_gmt":"2024-02-04T16:24:06","slug":"portaria-institui-projeto-para-renegociar-dividas-do-setor-cultural","status":"publish","type":"post","link":"https:\/\/cndl.org.br\/varejosa\/portaria-institui-projeto-para-renegociar-dividas-do-setor-cultural\/","title":{"rendered":"Portaria institui projeto para renegociar d\u00edvidas do setor cultural"},"content":{"rendered":"\n<p>Portaria do Minist\u00e9rio da Cultura e da Advocacia-Geral da Uni\u00e3o (AGU) publicada nesta segunda-feira (7) no Di\u00e1rio Oficial da Uni\u00e3o institui o Programa de Gest\u00e3o de Solu\u00e7\u00f5es Negociais para Devedores da \u00c1rea Cultural (AGU Pr\u00f3-Cultura).<\/p>\n\n\n\n<p>De acordo com o texto, o projeto permite a renegocia\u00e7\u00e3o de d\u00edvidas de profissionais e empresas do setor cultural com \u00f3rg\u00e3os federais, incluindo autarquias e funda\u00e7\u00f5es p\u00fablicas da \u00e1rea da cultura.<\/p>\n\n\n\n<p>A proposta \u00e9 oferecer condi\u00e7\u00f5es especiais para que devedores possam celebrar, de maneira c\u00e9lere e acess\u00edvel, acordos para quita\u00e7\u00e3o consensual desses d\u00e9bitos, considerando-se o perfil da d\u00edvida e a capacidade de pagamento.<\/p>\n\n\n\n<p>O projeto, segundo a AGU, foi idealizado a partir do diagn\u00f3stico de que o segmento foi um dos mais prejudicados pela pandemia da covid-19, que levou muitos profissionais e empresas a acumularem d\u00edvidas com \u00f3rg\u00e3os e entidades p\u00fablicas federais.<\/p>\n\n\n\n<p>Ainda de acordo com a portaria, a implementa\u00e7\u00e3o do projeto acontecer\u00e1 em duas etapas. A primeira, com in\u00edcio imediato, envolve d\u00e9bitos com autarquias e funda\u00e7\u00f5es p\u00fablicas federais da \u00e1rea da cultura. A segunda, ainda em elabora\u00e7\u00e3o, abranger\u00e1 outros \u00f3rg\u00e3os p\u00fablicos da Uni\u00e3o, como o pr\u00f3prio Minist\u00e9rio da Cultura. <\/p>\n\n\n\n<p>O AGU Pr\u00f3-Cultura, em sua primeira etapa, ser\u00e1 executado no \u00e2mbito da Procuradoria-Geral Federal e, na segunda etapa, na Procuradoria-Geral da Fazenda Nacional e na Procuradoria-Geral da Uni\u00e3o.<\/p>\n","protected":false},"excerpt":{"rendered":"<p>A proposta \u00e9 oferecer condi\u00e7\u00f5es especiais para que devedores possam celebrar, de maneira c\u00e9lere e acess\u00edvel, acordos para quita\u00e7\u00e3o consensual desses d\u00e9bitos, considerando-se o perfil da d\u00edvida e a capacidade de pagamento.<\/p>\n","protected":false},"author":9,"featured_media":18524,"comment_status":"closed","ping_status":"open","sticky":false,"template":"","format":"standard","meta":{"footnotes":""},"categories":[26],"tags":[341,317,257],"class_list":["post-20470","post","type-post","status-publish","format-standard","has-post-thumbnail","hentry","category-negocios-e-economia","tag-economia","tag-empreendedorismo","tag-receita-federal"],"_links":{"self":[{"href":"https:\/\/cndl.org.br\/varejosa\/wp-json\/wp\/v2\/posts\/20470","targetHints":{"allow":["GET"]}}],"collection":[{"href":"https:\/\/cndl.org.br\/varejosa\/wp-json\/wp\/v2\/posts"}],"about":[{"href":"https:\/\/cndl.org.br\/varejosa\/wp-json\/wp\/v2\/types\/post"}],"author":[{"embeddable":true,"href":"https:\/\/cndl.org.br\/varejosa\/wp-json\/wp\/v2\/users\/9"}],"replies":[{"embeddable":true,"href":"https:\/\/cndl.org.br\/varejosa\/wp-json\/wp\/v2\/comments?post=20470"}],"version-history":[{"count":0,"href":"https:\/\/cndl.org.br\/varejosa\/wp-json\/wp\/v2\/posts\/20470\/revisions"}],"wp:featuredmedia":[{"embeddable":true,"href":"https:\/\/cndl.org.br\/varejosa\/wp-json\/wp\/v2\/media\/18524"}],"wp:attachment":[{"href":"https:\/\/cndl.org.br\/varejosa\/wp-json\/wp\/v2\/media?parent=20470"}],"wp:term":[{"taxonomy":"category","embeddable":true,"href":"https:\/\/cndl.org.br\/varejosa\/wp-json\/wp\/v2\/categories?post=20470"},{"taxonomy":"post_tag","embeddable":true,"href":"https:\/\/cndl.org.br\/varejosa\/wp-json\/wp\/v2\/tags?post=20470"}],"curies":[{"name":"wp","href":"https:\/\/api.w.org\/{rel}","templated":true}]}}