{"id":20595,"date":"2023-08-17T10:33:49","date_gmt":"2023-08-17T13:33:49","guid":{"rendered":"https:\/\/cndl.org.br\/varejosasa\/?p=20595"},"modified":"2024-01-19T09:56:11","modified_gmt":"2024-01-19T12:56:11","slug":"fcdl-ms-vai-apoiar-mpes-no-acesso-a-recursos-do-fco","status":"publish","type":"post","link":"https:\/\/cndl.org.br\/varejosa\/fcdl-ms-vai-apoiar-mpes-no-acesso-a-recursos-do-fco\/","title":{"rendered":"FCDL-MS vai apoiar MPEs no acesso a recursos do FCO"},"content":{"rendered":"\n<p>Depois de um pedido, j\u00e1 antigo, da FCDL-MS (Federa\u00e7\u00e3o das C\u00e2maras de Dirigentes Lojistas de Mato Grosso do Sul), alinhou com a Sudeco (Superintend\u00eancia de Desenvolvimento do Centro-Oeste) a amplia\u00e7\u00e3o do atendimento de cr\u00e9dito a micro e pequenas empresas do Varejo. O prop\u00f3sito do Governo Federal \u00e9 pulverizar os recursos gerando uma inje\u00e7\u00e3o financeira para alavancar neg\u00f3cios, que ainda estejam na recupera\u00e7\u00e3o do p\u00f3s-pandemia, com financiamentos que podem variar de 10 mil a 500 mil reais.<\/p>\n\n\n\n<p>O an\u00fancio da not\u00edcia ocorreu em Bras\u00edlia (DF), durante um encontro entre a titular da pasta, Rose Modesto, com a presidente da FCDL-MS, a advogada In\u00eas Santiago. A entidade, que representa o Varejo de Mato Grosso do Sul, foi nomeada como uma base para a sele\u00e7\u00e3o preliminar de cadastros, que ser\u00e3o encaminhados para a an\u00e1lise financeira e concess\u00e3o dos empr\u00e9stimos. Com isso, antes da realiza\u00e7\u00e3o da \u201cCaravana da Sudeco\u201d, que ocorrer\u00e1 em Campo Grande do dia 28 a 30 de agosto, empres\u00e1rios poder\u00e3o recorrer \u00e0 Federa\u00e7\u00e3o para realizar os seus cadastros e antecipar o processo de an\u00e1lise da libera\u00e7\u00e3o do empr\u00e9stimo.<\/p>\n\n\n\n<p>\u201cTemos um olhar muito atento ao varejo familiar que alimenta grande parte da economia de Mato Grosso do Sul e carecem de condi\u00e7\u00f5es facilitadas para capta\u00e7\u00e3o de recursos. Vale dizer, que no FCO, que \u00e9 o Fundo Constitucional de Financiamento do Centro-Oeste, \u00e9 louv\u00e1vel a iniciativa da Superintendente Rose Modesto que em parceria com a FCDL-MS visam ampliar o acesso ao FCO para melhor atender os micro e pequenos neg\u00f3cios. N\u00e3o se pode olvidar que s\u00e3o os maiores geradores de emprego e renda que trabalham por uma retomada desde o fim da pandemia e recupera\u00e7\u00e3o ainda de preju\u00edzos daquele per\u00edodo\u201d, destaca a presidente da Federa\u00e7\u00e3o das CDLs de Mato Grosso do Sul.<\/p>\n\n\n\n<p><strong>Suporte para a an\u00e1lise de cr\u00e9dito<\/strong><br \/>Especialista em an\u00e1lise de cr\u00e9dito e refer\u00eancia no mercado quanto a esse servi\u00e7o, por conta da plataforma do SPC Brasil (Servi\u00e7o de Prote\u00e7\u00e3o ao Cr\u00e9dito), a FCDL-MS foi escolhida como uma das pontes da Caravana da Sudeco para a sele\u00e7\u00e3o de empresas do Varejo a serem beneficiadas com a inje\u00e7\u00e3o do FCO. E para assumir essa demanda importante, um compromisso foi firmado na Sudeco, juntamente com Rose Modesto: abrir para filiados e n\u00e3o filiados a oportunidade de realizar a an\u00e1lise preliminar de acesso ao financiamento do FCO.<\/p>\n\n\n\n<p>Dessa forma, por meio de um sistema bastante simples, bastar\u00e1 ao dono de micro e pequenas empresas, realizar o contato com a Central de atendimento da FCDL-MS para obter informa\u00e7\u00f5es e fazer o cadastramento para a an\u00e1lise da eventual libera\u00e7\u00e3o de cr\u00e9dito. \u00c0 princ\u00edpio, a Entidade deve encaminhar uma lista de 500 CNPJs para a Sudeco, com os dados requeridos pela pasta, de forma que o candidato a tomador de recursos obtenha tamb\u00e9m pela Federa\u00e7\u00e3o a resposta de aprova\u00e7\u00e3o ou n\u00e3o, da sua solicita\u00e7\u00e3o. Tudo pelo Whatsapp (67) 99870-5400, que atender\u00e1 a Capital e todo o Estado.<\/p>\n\n\n\n<p>\u201cPra n\u00f3s que acabamos de concluir a Promo Centro com sucesso extraordin\u00e1rio, trazer mais essa oportunidade refor\u00e7a a import\u00e2ncia da representatividade das nossas Entidades para o varejo sul- mato-grossense. Lembrando que o acesso vale para empres\u00e1rios de toda Campo Grande e de todo o estado de Mato Grosso do Sul, oportunidade ampliada pela Caravana da Sudeco em parceria com a FCDL-MS\u201d, lembra a presidente da FCDL-MS<\/p>\n\n\n\n<p>O dinheiro do empr\u00e9stimo ser\u00e1 liberado por um dos bancos credenciados na opera\u00e7\u00e3o, com car\u00eancia de tr\u00eas meses a at\u00e9 cinco anos, dependendo do contrato. Confira a lista das institui\u00e7\u00f5es financeiras credenciadas:<\/p>\n\n\n\n<ul class=\"wp-block-list\">\n<li>Banco do Brasil<\/li>\n\n\n\n<li>Banco de Bras\u00edlia S.A \u2013 BRB;<\/li>\n\n\n\n<li>Banco Cooperativo SICREDI S.A.<\/li>\n<\/ul>\n\n\n\n<p>Estipulado na Pol\u00edtica Nacional de Desenvolvimento Regional (PNDR); nas pol\u00edticas setoriais e macroecon\u00f4micas do Governo Federal, oo Plano Estrat\u00e9gico da Superintend\u00eancia do Desenvolvimento do Centro-Oeste 2018-2022, para o exerc\u00edcio de 2023, estabeleceu novo rol de diretrizes e prioridades para as contribui\u00e7\u00f5es oferecidas \u00e0s Unidades Federativas do Centro-Oeste e pelas institui\u00e7\u00f5es financeiras operadoras do Fundo. Medidas aprovadas pelo Conselho por meio da Resolu\u00e7\u00e3o Condel\/Sudeco n\u00b0 129, de 19.07.2022, publicada no DOU de 19.08.2022, e est\u00e3o dispon\u00edveis na Programa\u00e7\u00e3o do FCO para 2023.<\/p>\n\n\n\n<p>Leia mais no modelo da <a href=\"https:\/\/www.gov.br\/sudeco\/pt-br\/assuntos\/fundo-constitucional-de-financiamento-do-centro-oeste\/programacao-anual-de-financiamento-1\/Programacao_FCO_2023_Revisao_11.01.2023_GiseleSantanaGuima.pdf\" data-type=\"link\" data-id=\"https:\/\/www.gov.br\/sudeco\/pt-br\/assuntos\/fundo-constitucional-de-financiamento-do-centro-oeste\/programacao-anual-de-financiamento-1\/Programacao_FCO_2023_Revisao_11.01.2023_GiseleSantanaGuima.pdf\">Carta-Consulta<\/a> da programa\u00e7\u00e3o do Fundo para este ano.<\/p>\n","protected":false},"excerpt":{"rendered":"<p>Entidade \u00e9 nomeada como parceira da Caravana da Sudeco e apresentar\u00e1 lista de indicados a financiamentos.<\/p>\n","protected":false},"author":15,"featured_media":20596,"comment_status":"closed","ping_status":"open","sticky":false,"template":"","format":"standard","meta":{"footnotes":""},"categories":[1371],"tags":[247,299,2645,648,2646,249],"class_list":["post-20595","post","type-post","status-publish","format-standard","has-post-thumbnail","hentry","category-noticias-cndl","tag-comercio","tag-credito","tag-fcdl-ms-3","tag-fco","tag-sudeco","tag-varejo"],"_links":{"self":[{"href":"https:\/\/cndl.org.br\/varejosa\/wp-json\/wp\/v2\/posts\/20595","targetHints":{"allow":["GET"]}}],"collection":[{"href":"https:\/\/cndl.org.br\/varejosa\/wp-json\/wp\/v2\/posts"}],"about":[{"href":"https:\/\/cndl.org.br\/varejosa\/wp-json\/wp\/v2\/types\/post"}],"author":[{"embeddable":true,"href":"https:\/\/cndl.org.br\/varejosa\/wp-json\/wp\/v2\/users\/15"}],"replies":[{"embeddable":true,"href":"https:\/\/cndl.org.br\/varejosa\/wp-json\/wp\/v2\/comments?post=20595"}],"version-history":[{"count":0,"href":"https:\/\/cndl.org.br\/varejosa\/wp-json\/wp\/v2\/posts\/20595\/revisions"}],"wp:featuredmedia":[{"embeddable":true,"href":"https:\/\/cndl.org.br\/varejosa\/wp-json\/wp\/v2\/media\/20596"}],"wp:attachment":[{"href":"https:\/\/cndl.org.br\/varejosa\/wp-json\/wp\/v2\/media?parent=20595"}],"wp:term":[{"taxonomy":"category","embeddable":true,"href":"https:\/\/cndl.org.br\/varejosa\/wp-json\/wp\/v2\/categories?post=20595"},{"taxonomy":"post_tag","embeddable":true,"href":"https:\/\/cndl.org.br\/varejosa\/wp-json\/wp\/v2\/tags?post=20595"}],"curies":[{"name":"wp","href":"https:\/\/api.w.org\/{rel}","templated":true}]}}