{"id":20636,"date":"2023-08-21T16:21:04","date_gmt":"2023-08-21T19:21:04","guid":{"rendered":"https:\/\/cndl.org.br\/varejosasa\/?p=20636"},"modified":"2024-01-19T09:56:11","modified_gmt":"2024-01-19T12:56:11","slug":"reforma-tributaria-e-destaque-na-convencao-do-rj","status":"publish","type":"post","link":"https:\/\/cndl.org.br\/varejosa\/reforma-tributaria-e-destaque-na-convencao-do-rj\/","title":{"rendered":"Reforma Tribut\u00e1ria \u00e9 destaque na Conven\u00e7\u00e3o do RJ"},"content":{"rendered":"\n<p>A cidade de Petr\u00f3polis foi palco, neste fim de semana, da 37\u00aa Conven\u00e7\u00e3o Estadual do Com\u00e9rcio Varejista do Rio de Janeiro, promovida pela FCDL-RJ (Federa\u00e7\u00e3o das C\u00e2maras de Dirigentes Lojistas do Estado do Rio) em parceria com a CDL (C\u00e2mara de Dirigentes Lojistas) de Petr\u00f3polis. A CNDL (Confedera\u00e7\u00e3o Nacional dos dirigentes Lojistas) foi representada pelo seu presidente, Jos\u00e9 C\u00e9sar da Costa. <\/p>\n\n\n\n<p>O evento que contou com a participa\u00e7\u00e3o de mais de 200 l\u00edderes do setor varejista do Rio de Janeiro teve como um dos objetivos discutir a atual conjuntura econ\u00f4mica e os reflexos para o com\u00e9rcio varejista. Jos\u00e9 C\u00e9sar, que falou na noite de abertura, destacou a import\u00e2ncia da conven\u00e7\u00e3o e do movimento lojista no debate nacional.<\/p>\n\n\n\n<p>\u201cEste encontro refor\u00e7a a for\u00e7a para o movimento lojista de todo o pa\u00eds. O Rio de Janeiro \u00e9 uma refer\u00eancia de desenvolvimento social e econ\u00f4mico. E o nosso setor, sendo o maior gerador de emprego e renda do pa\u00eds, se mostra determinante para o desenvolvimento econ\u00f4mico do Brasil\u201d, disse o dirigente.<br \/><br \/>\u201cNossa CNDL cresceu institucionalmente e hoje \u00e9 a principal entidade representativa do varejo nacional. A Confedera\u00e7\u00e3o tem sido ator importante na defesa dos interesses do com\u00e9rcio e servi\u00e7os e tem participado ativamente de debates centrais, como a da Reforma Tribut\u00e1ria\u201d, afirmou, lembrando da a\u00e7\u00e3o da entidade na manuten\u00e7\u00e3o da carga tribut\u00e1ria global, do Simples Nacional e da cria\u00e7\u00e3o da redu\u00e7\u00e3o de al\u00edquotas para alimentos de consumo humano, higiene pessoal, bares e restaurantes.<\/p>\n\n\n\n<p><strong>Reforma Tribut\u00e1ria<\/strong><br \/>A Reforma Tribut\u00e1ria foi, ali\u00e1s, tema constante durante a Conven\u00e7\u00e3o. Os empres\u00e1rios chegaram a formular um manifesto exigindo que a Reforma corrija distor\u00e7\u00f5es e que permita o crescimento do setor produtivo para a gera\u00e7\u00e3o de mais empregos. \u201cEnfatizamos que a arrecada\u00e7\u00e3o tribut\u00e1ria pode ser aumentada com o crescimento econ\u00f4mico, sem a necessidade de cria\u00e7\u00e3o de impostos e aumento de al\u00edquotas que penalizem setores espec\u00edficos\u201d, destaca o documento.<\/p>\n\n\n\n<p>O manifesto foi entregue aos senadores Efraim Filho (Uni\u00e3o-PB) e Carlos Portinho (PL-RJ). Efraim, que \u00e9 coordenador do grupo da Reforma Tribut\u00e1ria na Comiss\u00e3o de Assuntos Econ\u00f4micos do Senado, destacou os principais aspectos da reforma tribut\u00e1ria e apresentou alguns pontos de aten\u00e7\u00e3o para a tramita\u00e7\u00e3o do projeto no Senado, como por exemplo, a inclus\u00e3o do creditamento da folha de pagamento no texto final na Reforma.<\/p>\n\n\n\n<p>No geral, Efraim elogiou a Reforma, ressaltando duas perspectivas: a da forma e a do conte\u00fado, acentuando que a primeira \u00e9 consenso pela transforma\u00e7\u00e3o; e a segunda \u00e9 a que gera discuss\u00e3o. \u201cA mudan\u00e7a de modelo \u00e9 bem-vinda para que a gente se aproxime com o que \u00e9 aplicado pelas maiores economias do mundo\u201d, destacou o senador, pontuando que o conte\u00fado \u00e9 que decis\u00f3rio e \u00e9 nesta esfera que o Senado vai atuar para aprovar um texto que seja ben\u00e9fico aos empres\u00e1rios. \u201cReforma tribut\u00e1ria \u00e9 para melhorar a vida de quem paga e n\u00e3o de quem arrecada\u201d.<\/p>\n\n\n\n<p>Para o senador, a tramita\u00e7\u00e3o do texto no Senado ser\u00e1 importante para dar voz ao com\u00e9rcio servi\u00e7os. &#8220;Nessa fase da Reforma, vamos ouvir as demandas desse setor que \u00e9 important\u00edssimo para o Brasil, um dos segmentos que mais emprega no pa\u00eds e que mais recolhe tributos&#8221;, disse Efraim Filho, demonstrando a import\u00e2ncia de ouvir os atores-chave no setor antes de tomar decis\u00f5es cruciais.<\/p>\n\n\n\n<p>Efraim repetiu o que vem falando em v\u00e1rias entrevistas. \u201cEu n\u00e3o voto em Reforma Tribut\u00e1ria para aumentar imposto. Essa Reforma n\u00e3o deve ser feita para o governo, mas sim para o cidad\u00e3o que paga imposto e para quem produz\u201d.<\/p>\n\n\n\n<p>O senador tamb\u00e9m destacou que o modelo tribut\u00e1rio brasileiro \u00e9 um dos piores do mundo e que, al\u00e9m da tributa\u00e7\u00e3o, o empres\u00e1rio pena com a concorr\u00eancia desleal gerada pela sonega\u00e7\u00e3o e pirataria. &#8220;Al\u00e9m de expor os principais pontos, vamos ouvir a demanda de um setor que \u00e9 important\u00edssimo para o Brasil, que \u00e9 o Com\u00e9rcio Varejista, um dos segmentos que mais emprega no pa\u00eds e que mais recolhe tributos&#8221;, antecipou Efraim Filho, demonstrando a import\u00e2ncia de ouvir os atores-chave no setor antes de tomar decis\u00f5es cruciais.<\/p>\n\n\n\n<p>Para o Fabiano Gon\u00e7alves, presidente da FCDL-RJ, a Conven\u00e7\u00e3o do Rio de Janeiro foi exitosa em abrir o debate para seus associados. \u201cA reforma tribut\u00e1ria \u00e9 um tema de extrema relev\u00e2ncia e a participa\u00e7\u00e3o do senador trouxe clareza sobre seus impactos. Acredito que sa\u00edmos enriquecidos e preparados para enfrentar os desafios do com\u00e9rcio varejista com uma vis\u00e3o renovada\u201d, disse o dirigente ao jornal Di\u00e1rio de Petr\u00f3polis.<\/p>\n\n\n\n<p><em>Com informa\u00e7\u00f5es do Di\u00e1rio de Petr\u00f3polis<\/em>.<\/p>\n","protected":false},"excerpt":{"rendered":"<p>O evento que contou com a participa\u00e7\u00e3o de mais de 200 l\u00edderes do setor varejista do Rio de Janeiro teve como um dos objetivos discutir a atual conjuntura econ\u00f4mica e os reflexos para o com\u00e9rcio varejista. <\/p>\n","protected":false},"author":5,"featured_media":20641,"comment_status":"closed","ping_status":"open","sticky":false,"template":"","format":"standard","meta":{"footnotes":""},"categories":[1371],"tags":[247,2647,2648,322,249],"class_list":["post-20636","post","type-post","status-publish","format-standard","has-post-thumbnail","hentry","category-noticias-cndl","tag-comercio","tag-convencao-do-rio-de-janeiro","tag-fcdl-rj","tag-reforma-tributaria","tag-varejo"],"_links":{"self":[{"href":"https:\/\/cndl.org.br\/varejosa\/wp-json\/wp\/v2\/posts\/20636","targetHints":{"allow":["GET"]}}],"collection":[{"href":"https:\/\/cndl.org.br\/varejosa\/wp-json\/wp\/v2\/posts"}],"about":[{"href":"https:\/\/cndl.org.br\/varejosa\/wp-json\/wp\/v2\/types\/post"}],"author":[{"embeddable":true,"href":"https:\/\/cndl.org.br\/varejosa\/wp-json\/wp\/v2\/users\/5"}],"replies":[{"embeddable":true,"href":"https:\/\/cndl.org.br\/varejosa\/wp-json\/wp\/v2\/comments?post=20636"}],"version-history":[{"count":0,"href":"https:\/\/cndl.org.br\/varejosa\/wp-json\/wp\/v2\/posts\/20636\/revisions"}],"wp:featuredmedia":[{"embeddable":true,"href":"https:\/\/cndl.org.br\/varejosa\/wp-json\/wp\/v2\/media\/20641"}],"wp:attachment":[{"href":"https:\/\/cndl.org.br\/varejosa\/wp-json\/wp\/v2\/media?parent=20636"}],"wp:term":[{"taxonomy":"category","embeddable":true,"href":"https:\/\/cndl.org.br\/varejosa\/wp-json\/wp\/v2\/categories?post=20636"},{"taxonomy":"post_tag","embeddable":true,"href":"https:\/\/cndl.org.br\/varejosa\/wp-json\/wp\/v2\/tags?post=20636"}],"curies":[{"name":"wp","href":"https:\/\/api.w.org\/{rel}","templated":true}]}}