{"id":20719,"date":"2023-08-29T10:16:42","date_gmt":"2023-08-29T13:16:42","guid":{"rendered":"https:\/\/cndl.org.br\/varejosasa\/?p=20719"},"modified":"2026-01-29T10:20:33","modified_gmt":"2026-01-29T13:20:33","slug":"sancionada-lei-que-aumenta-o-salario-minimo-e-amplia-a-isencao-do-ir","status":"publish","type":"post","link":"https:\/\/cndl.org.br\/varejosa\/sancionada-lei-que-aumenta-o-salario-minimo-e-amplia-a-isencao-do-ir\/","title":{"rendered":"Sancionada lei que aumenta o sal\u00e1rio m\u00ednimo e amplia a isen\u00e7\u00e3o do IR"},"content":{"rendered":"\n<p>O presidente Luiz In\u00e1cio Lula da Silva sancionou nesta segunda-feira (28), em evento no Pal\u00e1cio do Planalto, o texto da Medida Provis\u00f3ria 1.172\/2023, que reajusta o sal\u00e1rio m\u00ednimo para R$ 1.320 e amplia a faixa de isen\u00e7\u00e3o da tabela do IRPF (Imposto de Renda da Pessoa F\u00edsica). O valor atual do piso nacional est\u00e1 em vigor desde o dia 1\u00ba de maio, quando a MP entrou em vigor.<\/p>\n\n\n\n<p>O texto sancionado ontem tamb\u00e9m estabelece a pol\u00edtica de valoriza\u00e7\u00e3o do sal\u00e1rio m\u00ednimo, que prev\u00ea aumento real equivalente \u00e0 varia\u00e7\u00e3o positiva do PIB (Produto Interno Bruto) de dois anos anteriores ao de vig\u00eancia do novo valor. A pol\u00edtica entrar\u00e1 em vigor a partir de 2024, quando o sal\u00e1rio m\u00ednimo deve chegar a R$ 1.461.<\/p>\n\n\n\n<p>Para o ministro do Trabalho e Emprego, Luiz Marinho, a retomada da pol\u00edtica de ganho real do sal\u00e1rio m\u00ednimo ter\u00e1 forte impacto positivo na economia. Ele citou que mais de 25 milh\u00f5es de aposentados e pensionistas do Instituto Nacional de Seguridade Social (INSS) recebem o piso. O ministro tamb\u00e9m lembrou que a pol\u00edtica, que vigorou ao longo dos governos anteriores de Lula e da ex-presidente Dilma Rousseff, ao lado dos programas sociais, foi essencial para que a FAO (Organiza\u00e7\u00e3o das Na\u00e7\u00f5es Unidas para a Alimenta\u00e7\u00e3o e Agricultura) retirasse o Brasil do Mapa da Fome no mundo, lista de pa\u00edses com estat\u00edsticas graves de inseguran\u00e7a alimentar. Quase dez anos depois, no entanto, a fome voltou a atingir mais de 33 milh\u00f5es de brasileiros, segundo estudo publicado em 2022 pela Penssan (Rede Brasileira de Pesquisa em Soberania e Seguran\u00e7a Alimentar e Nutricional).<\/p>\n\n\n\n<p>&#8220;De novo, eu tenho certeza que essa decis\u00e3o vai nos conduzir para que possamos, mais uma vez, tirar o Brasil do Mapa da Fome&#8221;, disse Marinho. <\/p>\n\n\n\n<p>J\u00e1 para o ministro da Fazenda, Fernando Haddad, o aumento real do sal\u00e1rio m\u00ednimo, apesar de ser \u201cpouco&#8221;, representa, segundo ele, &#8220;uma sinaliza\u00e7\u00e3o clara que o trabalhador voltou a ter aten\u00e7\u00e3o do governo&#8221;.<\/p>\n\n\n\n<p><strong>Isen\u00e7\u00e3o do IRPF<\/strong><br>Durante a tramita\u00e7\u00e3o da Medida Provis\u00f3ria no Congresso Nacional, foi inclu\u00edda a amplia\u00e7\u00e3o da faixa de isen\u00e7\u00e3o do Imposto de Renda. Quem ganha at\u00e9 R$ 2.640 ao m\u00eas n\u00e3o ter\u00e1 de pagar imposto de renda. At\u00e9 ent\u00e3o, a isen\u00e7\u00e3o era para quem recebe at\u00e9 R$ 1.903,98 mensais. Segundo o Pal\u00e1cio do Planalto, a san\u00e7\u00e3o ser\u00e1 publicada em edi\u00e7\u00e3o extra do Di\u00e1rio Oficial da Uni\u00e3o (DOU).<\/p>\n","protected":false},"excerpt":{"rendered":"<p>Valor do piso nacional est\u00e1 em vigor desde o dia 1\u00ba de maio.<\/p>\n","protected":false},"author":9,"featured_media":20720,"comment_status":"closed","ping_status":"open","sticky":false,"template":"","format":"standard","meta":{"footnotes":""},"categories":[5891],"tags":[247,341,317,314,463,249],"class_list":["post-20719","post","type-post","status-publish","format-standard","has-post-thumbnail","hentry","category-empreendedorismo","tag-comercio","tag-economia","tag-empreendedorismo","tag-imposto-de-renda","tag-salario-minimo","tag-varejo"],"_links":{"self":[{"href":"https:\/\/cndl.org.br\/varejosa\/wp-json\/wp\/v2\/posts\/20719","targetHints":{"allow":["GET"]}}],"collection":[{"href":"https:\/\/cndl.org.br\/varejosa\/wp-json\/wp\/v2\/posts"}],"about":[{"href":"https:\/\/cndl.org.br\/varejosa\/wp-json\/wp\/v2\/types\/post"}],"author":[{"embeddable":true,"href":"https:\/\/cndl.org.br\/varejosa\/wp-json\/wp\/v2\/users\/9"}],"replies":[{"embeddable":true,"href":"https:\/\/cndl.org.br\/varejosa\/wp-json\/wp\/v2\/comments?post=20719"}],"version-history":[{"count":0,"href":"https:\/\/cndl.org.br\/varejosa\/wp-json\/wp\/v2\/posts\/20719\/revisions"}],"wp:featuredmedia":[{"embeddable":true,"href":"https:\/\/cndl.org.br\/varejosa\/wp-json\/wp\/v2\/media\/20720"}],"wp:attachment":[{"href":"https:\/\/cndl.org.br\/varejosa\/wp-json\/wp\/v2\/media?parent=20719"}],"wp:term":[{"taxonomy":"category","embeddable":true,"href":"https:\/\/cndl.org.br\/varejosa\/wp-json\/wp\/v2\/categories?post=20719"},{"taxonomy":"post_tag","embeddable":true,"href":"https:\/\/cndl.org.br\/varejosa\/wp-json\/wp\/v2\/tags?post=20719"}],"curies":[{"name":"wp","href":"https:\/\/api.w.org\/{rel}","templated":true}]}}