{"id":20872,"date":"2023-09-12T18:23:02","date_gmt":"2023-09-12T21:23:02","guid":{"rendered":"https:\/\/cndl.org.br\/varejosasa\/?p=20872"},"modified":"2024-02-04T13:24:05","modified_gmt":"2024-02-04T16:24:05","slug":"inflacao-oficial-sobe-para-023-em-agosto-diz-ibge","status":"publish","type":"post","link":"https:\/\/cndl.org.br\/varejosa\/inflacao-oficial-sobe-para-023-em-agosto-diz-ibge\/","title":{"rendered":"Infla\u00e7\u00e3o oficial sobe para 0,23% em agosto, diz IBGE"},"content":{"rendered":"\n<p>A infla\u00e7\u00e3o oficial, medida pelo IPCA (\u00cdndice Nacional de Pre\u00e7os ao Consumidor Amplo), ficou em 0,23% em agosto deste ano, taxa superior ao 0,12% do m\u00eas anterior. O \u00edndice tamb\u00e9m \u00e9 superior ao registrado em agosto do ano passado, quando havia sido observada uma defla\u00e7\u00e3o (queda de pre\u00e7os) de 0,36%.<\/p>\n\n\n\n<p>Segundo dados divulgados nesta ter\u00e7a-feira (12) pelo IBGE (Instituto Brasileiro de Geografia e Estat\u00edstica), o IPCA acumula taxa de 3,23% no ano. Em 12 meses, a taxa acumulada \u00e9 de 4,61%, ainda dentro da meta de infla\u00e7\u00e3o estabelecida pelo Conselho Monet\u00e1rio Nacional (CMN) para este ano, que \u00e9 de 1,75% a 4,75%.<\/p>\n\n\n\n<p>O principal impacto na infla\u00e7\u00e3o de agosto veio do grupo habita\u00e7\u00e3o, que teve alta de 1,11% no m\u00eas, puxada principalmente pelo aumento do custo da energia el\u00e9trica de 4,59%.<\/p>\n\n\n\n<p>Segundo o pesquisador do IBGE Andr\u00e9 Almeida, o aumento da tarifa de energia el\u00e9trica foi provocado, principalmente, pelo fim da incorpora\u00e7\u00e3o do b\u00f4nus de Itaipu, que havia tido saldo positivo em 2022. \u201c[O saldo positivo de Itaipu] foi incorporado nas contas de luz de todos os consumidores do Sistema Interligado Nacional em julho e n\u00e3o est\u00e1 mais presente em agosto\u201d, afirma.<\/p>\n\n\n\n<p>Tamb\u00e9m foram aplicados reajustes nas tarifas em Vit\u00f3ria (3,20%, a partir de 7 de agosto), Bel\u00e9m (9,40% a partir de 15 de agosto) e S\u00e3o Lu\u00eds (10,43% a partir de 28 de agosto).<\/p>\n\n\n\n<p>Al\u00e9m do grupo habita\u00e7\u00e3o, tamb\u00e9m tiveram impactos relevantes na taxa de infla\u00e7\u00e3o de agosto os grupos sa\u00fade e cuidados pessoais (0,58%) e transportes (0,34%). Na sa\u00fade, as altas vieram dos produtos para pele (4,50%) e dos perfumes (1,57%).<\/p>\n\n\n\n<p>J\u00e1 nos transportes, a alta foi puxada pelos pre\u00e7os do autom\u00f3vel novo (1,71%), da gasolina (1,24%) e do \u00f3leo diesel subiu 8,54%.<\/p>\n\n\n\n<p>Por outro lado, os alimentos continuaram apresentando queda (-0,85%), devido ao recuo de produtos como batata-inglesa (-12,92%), feij\u00e3o-carioca (-8,27%), tomate (-7,91%), leite longa vida (-3,35%), frango em peda\u00e7os (-2,57%) e carnes (-1,90%).<\/p>\n\n\n\n<p>Os demais grupos de despesa apresentaram as seguintes taxas: educa\u00e7\u00e3o (0,69%), vestu\u00e1rio (0,54%), despesas pessoais (0,38%), artigos de resid\u00eancia (-0,04%) e comunica\u00e7\u00e3o (-0,09%).<\/p>\n","protected":false},"excerpt":{"rendered":"<p>A infla\u00e7\u00e3o oficial, medida pelo \u00cdndice Nacional de Pre\u00e7os ao Consumidor Amplo (IPCA), ficou em 0,23% em agosto deste ano, taxa superior ao 0,12% do m\u00eas anterior. O \u00edndice tamb\u00e9m \u00e9 superior ao registrado em agosto do ano passado, quando havia sido observada uma defla\u00e7\u00e3o (queda de pre\u00e7os) de 0,36%.<\/p>\n","protected":false},"author":9,"featured_media":20854,"comment_status":"closed","ping_status":"open","sticky":false,"template":"","format":"standard","meta":{"footnotes":""},"categories":[26],"tags":[341,305,1229,1230],"class_list":["post-20872","post","type-post","status-publish","format-standard","has-post-thumbnail","hentry","category-negocios-e-economia","tag-economia","tag-ibge","tag-indice-nacional-de-precos-ao-consumidor-amplo","tag-inflacao-oficial"],"_links":{"self":[{"href":"https:\/\/cndl.org.br\/varejosa\/wp-json\/wp\/v2\/posts\/20872","targetHints":{"allow":["GET"]}}],"collection":[{"href":"https:\/\/cndl.org.br\/varejosa\/wp-json\/wp\/v2\/posts"}],"about":[{"href":"https:\/\/cndl.org.br\/varejosa\/wp-json\/wp\/v2\/types\/post"}],"author":[{"embeddable":true,"href":"https:\/\/cndl.org.br\/varejosa\/wp-json\/wp\/v2\/users\/9"}],"replies":[{"embeddable":true,"href":"https:\/\/cndl.org.br\/varejosa\/wp-json\/wp\/v2\/comments?post=20872"}],"version-history":[{"count":0,"href":"https:\/\/cndl.org.br\/varejosa\/wp-json\/wp\/v2\/posts\/20872\/revisions"}],"wp:featuredmedia":[{"embeddable":true,"href":"https:\/\/cndl.org.br\/varejosa\/wp-json\/wp\/v2\/media\/20854"}],"wp:attachment":[{"href":"https:\/\/cndl.org.br\/varejosa\/wp-json\/wp\/v2\/media?parent=20872"}],"wp:term":[{"taxonomy":"category","embeddable":true,"href":"https:\/\/cndl.org.br\/varejosa\/wp-json\/wp\/v2\/categories?post=20872"},{"taxonomy":"post_tag","embeddable":true,"href":"https:\/\/cndl.org.br\/varejosa\/wp-json\/wp\/v2\/tags?post=20872"}],"curies":[{"name":"wp","href":"https:\/\/api.w.org\/{rel}","templated":true}]}}