{"id":20878,"date":"2023-09-12T18:31:14","date_gmt":"2023-09-12T21:31:14","guid":{"rendered":"https:\/\/cndl.org.br\/varejosasa\/?p=20878"},"modified":"2024-01-18T17:43:16","modified_gmt":"2024-01-18T20:43:16","slug":"76-dos-empreendedores-negros-vendem-com-uso-de-ferramentas-digitais","status":"publish","type":"post","link":"https:\/\/cndl.org.br\/varejosa\/76-dos-empreendedores-negros-vendem-com-uso-de-ferramentas-digitais\/","title":{"rendered":"76% dos empreendedores negros vendem com uso de ferramentas digitais"},"content":{"rendered":"\n<p>Aumentou o n\u00famero de empreendedores negros que utilizam ferramentas digitais para vender seus produtos e servi\u00e7os. Dados da Pesquisa Pulso dos Pequenos Neg\u00f3cios, realizada pelo Sebrae e o IBGE em julho deste ano, mostram que 76% deles usam redes sociais, aplicativos ou internet para alcan\u00e7ar os clientes e fechar neg\u00f3cios. Em maio, esse percentual era de 69%. A partir dos n\u00fameros do levantamento, tamb\u00e9m pode-se afirmar que os empreendedores negros utilizam mais os meios digitais para vender do que os brancos (74%).<\/p>\n\n\n\n<p>Apesar da grande presen\u00e7a dos empreendedores negros na internet, muitas pessoas desconhecem o impacto desses pequenos neg\u00f3cios na sociedade, gerando emprego e renda, por exemplo. Estima-se que o afroempreendedorismo brasileiro movimente R$ 2 trilh\u00f5es por ano.<\/p>\n\n\n\n<p>O empreendedorismo \u00e9 uma ferramenta de inclus\u00e3o social e produtiva no nosso pa\u00eds. Os negros representam 54% dos empreendedores brasileiros e os neg\u00f3cios criados por eles geram muitos impactos positivos, disponibilizando emprego e renda.<br>Presidente do Sebrae Nacional, D\u00e9cio Lima.<\/p>\n\n\n\n<p><strong>Visibilidade \u00e0 for\u00e7a do empreendedorismo negro<\/strong><br>A partir desta semana, as redes sociais do Sebrae iniciam a divulga\u00e7\u00e3o da campanha \u201cO Neg\u00f3cio T\u00e1 Preto\u201d, com o objetivo de reverter o aspecto negativo da express\u00e3o, ao criar um ambiente virtual de inclus\u00e3o e valoriza\u00e7\u00e3o do empreendedorismo negro.<\/p>\n\n\n\n<p>&#8220;Ao longo da divulga\u00e7\u00e3o, nos pr\u00f3ximos dois meses, vamos dar um novo sentido ao termo, de uma forma positiva e motivacional. Dizer que \u2018O Neg\u00f3cio T\u00e1 Preto\u2019 ser\u00e1 afirmar que o neg\u00f3cio est\u00e1 fazendo a diferen\u00e7a, que \u00e9 uma coisa boa. Al\u00e9m disso, vamos oferecer orienta\u00e7\u00f5es e informa\u00e7\u00e3o que atendam as principais dores do empreendedor negro&#8221;, diz Ana Carolina Soares, analista de Comunica\u00e7\u00e3o do Sebrae.<\/p>\n\n\n\n<p>Entre as a\u00e7\u00f5es previstas na campanha est\u00e3o a participa\u00e7\u00e3o de influenciadores negros que tratam de neg\u00f3cios e empreendedorismo, como Nina Silva , Jacira Doce, Hisan Silva e Maur\u00edcio Bahia. As redes sociais do Sebrae tamb\u00e9m v\u00e3o compartilhar hist\u00f3rias inspiradoras de empreendedorismo negro, bem como v\u00e3o estimular a busca e identifica\u00e7\u00e3o de neg\u00f3cios no Territ\u00f3rio Afroempreendedor, por meio de uma ferramenta de geolocaliza\u00e7\u00e3o. <\/p>\n\n\n\n<p>\u201cIsso possibilita que um empreendedor negro marque o neg\u00f3cio dele na plataforma, dando mais visibilidade para o empreendimento dentro dessa esp\u00e9cie de mapa\u201d, explicou a analista.<\/p>\n","protected":false},"excerpt":{"rendered":"<p>Campanha lan\u00e7ada pelo Sebrae, \u201cO Neg\u00f3cio T\u00e1 Preto\u201d ressignifica positivamente express\u00e3o em prol do fortalecimento dos pequenos neg\u00f3cios comandados por negros.<\/p>\n","protected":false},"author":11,"featured_media":20879,"comment_status":"closed","ping_status":"open","sticky":false,"template":"","format":"standard","meta":{"footnotes":""},"categories":[1836],"tags":[247,341,317,1804,2064,249,250],"class_list":["post-20878","post","type-post","status-publish","format-standard","has-post-thumbnail","hentry","category-marketing-e-vendas","tag-comercio","tag-economia","tag-empreendedorismo","tag-empreendedorismo-negro","tag-ferramentas-digitais","tag-varejo","tag-vendas"],"_links":{"self":[{"href":"https:\/\/cndl.org.br\/varejosa\/wp-json\/wp\/v2\/posts\/20878","targetHints":{"allow":["GET"]}}],"collection":[{"href":"https:\/\/cndl.org.br\/varejosa\/wp-json\/wp\/v2\/posts"}],"about":[{"href":"https:\/\/cndl.org.br\/varejosa\/wp-json\/wp\/v2\/types\/post"}],"author":[{"embeddable":true,"href":"https:\/\/cndl.org.br\/varejosa\/wp-json\/wp\/v2\/users\/11"}],"replies":[{"embeddable":true,"href":"https:\/\/cndl.org.br\/varejosa\/wp-json\/wp\/v2\/comments?post=20878"}],"version-history":[{"count":0,"href":"https:\/\/cndl.org.br\/varejosa\/wp-json\/wp\/v2\/posts\/20878\/revisions"}],"wp:featuredmedia":[{"embeddable":true,"href":"https:\/\/cndl.org.br\/varejosa\/wp-json\/wp\/v2\/media\/20879"}],"wp:attachment":[{"href":"https:\/\/cndl.org.br\/varejosa\/wp-json\/wp\/v2\/media?parent=20878"}],"wp:term":[{"taxonomy":"category","embeddable":true,"href":"https:\/\/cndl.org.br\/varejosa\/wp-json\/wp\/v2\/categories?post=20878"},{"taxonomy":"post_tag","embeddable":true,"href":"https:\/\/cndl.org.br\/varejosa\/wp-json\/wp\/v2\/tags?post=20878"}],"curies":[{"name":"wp","href":"https:\/\/api.w.org\/{rel}","templated":true}]}}