{"id":20972,"date":"2023-09-20T14:39:44","date_gmt":"2023-09-20T17:39:44","guid":{"rendered":"https:\/\/cndl.org.br\/varejosasa\/?p=20972"},"modified":"2024-01-19T09:56:11","modified_gmt":"2024-01-19T12:56:11","slug":"cdl-de-natal-lanca-forum-da-rede-mulher-de-valor","status":"publish","type":"post","link":"https:\/\/cndl.org.br\/varejosa\/cdl-de-natal-lanca-forum-da-rede-mulher-de-valor\/","title":{"rendered":"CDL de Natal lan\u00e7a f\u00f3rum da rede Mulher de Valor"},"content":{"rendered":"\n<p>A CDL (C\u00e2mara de Dirigentes Lojistas) de Natal (RN) convida todas em empreendedoras para o lan\u00e7amento do &#8220;1\u00ba F\u00f3rum da Rede Mulher de Valor&#8221;, que tem a miss\u00e3o de chamar as mulheres para serem as protagonistas do seu pr\u00f3prio sucesso. O encontro est\u00e1 marcado para o dia 28 de setembro, \u00e0s 18h.<\/p>\n\n\n\n<p>O evento contar\u00e1 com um &#8220;Happy Meeting&#8221; Edi\u00e7\u00e3o Especial de lan\u00e7amento do evento. Na ocasi\u00e3o, a CDL ir\u00e1  receber Katarina Alc\u00e2ntara, especialista em Neuroci\u00eancia, e Juliana Alves, psic\u00f3loga e coordenadora de Desenvolvimento Humano e Organizacional, para um momento de troca de experi\u00eancia em produtividade e gest\u00e3o de tempo.<\/p>\n\n\n\n<p>Um encontro que promete inspira\u00e7\u00e3o, conex\u00f5es poderosas e um futuro mais brilhante para todas n\u00f3s. Vamos celebrar juntas o in\u00edcio desta jornada extraordin\u00e1ria! <\/p>\n\n\n\n<p><strong>Servi\u00e7o:<\/strong><br \/>Quando: 28 de setembro, \u00e0s 18h;<br \/>Onde: sede da CDL Natal, Rua Cear\u00e1 Mirim, 322, Tirol, Natal (RN).<br \/>Inscri\u00e7\u00f5es: <a href=\"https:\/\/www.cdlnatal.com.br\/eventos-e-inscricoes\/228\/lancamento-do-i-forum-da-rede-mulher-de-valor\">https:\/\/www.cdlnatal.com.br\/eventos-e-inscricoes\/228\/lancamento-do-i-forum-da-rede-mulher-de-valor<\/a><\/p>\n","protected":false},"excerpt":{"rendered":"<p>O encontro est\u00e1 marcado para o dia 28 de setembro, \u00e0s 18h.<\/p>\n","protected":false},"author":18,"featured_media":20973,"comment_status":"closed","ping_status":"open","sticky":false,"template":"","format":"standard","meta":{"footnotes":""},"categories":[1371],"tags":[2580,279,341,317,1063,2670],"class_list":["post-20972","post","type-post","status-publish","format-standard","has-post-thumbnail","hentry","category-noticias-cndl","tag-cdl-natal","tag-cndl","tag-economia","tag-empreendedorismo","tag-empreendedorismo-feminino","tag-lancamento-do-1o-forum-da-rede-mulher-de-valor"],"_links":{"self":[{"href":"https:\/\/cndl.org.br\/varejosa\/wp-json\/wp\/v2\/posts\/20972","targetHints":{"allow":["GET"]}}],"collection":[{"href":"https:\/\/cndl.org.br\/varejosa\/wp-json\/wp\/v2\/posts"}],"about":[{"href":"https:\/\/cndl.org.br\/varejosa\/wp-json\/wp\/v2\/types\/post"}],"author":[{"embeddable":true,"href":"https:\/\/cndl.org.br\/varejosa\/wp-json\/wp\/v2\/users\/18"}],"replies":[{"embeddable":true,"href":"https:\/\/cndl.org.br\/varejosa\/wp-json\/wp\/v2\/comments?post=20972"}],"version-history":[{"count":0,"href":"https:\/\/cndl.org.br\/varejosa\/wp-json\/wp\/v2\/posts\/20972\/revisions"}],"wp:featuredmedia":[{"embeddable":true,"href":"https:\/\/cndl.org.br\/varejosa\/wp-json\/wp\/v2\/media\/20973"}],"wp:attachment":[{"href":"https:\/\/cndl.org.br\/varejosa\/wp-json\/wp\/v2\/media?parent=20972"}],"wp:term":[{"taxonomy":"category","embeddable":true,"href":"https:\/\/cndl.org.br\/varejosa\/wp-json\/wp\/v2\/categories?post=20972"},{"taxonomy":"post_tag","embeddable":true,"href":"https:\/\/cndl.org.br\/varejosa\/wp-json\/wp\/v2\/tags?post=20972"}],"curies":[{"name":"wp","href":"https:\/\/api.w.org\/{rel}","templated":true}]}}