{"id":20993,"date":"2023-09-22T17:04:12","date_gmt":"2023-09-22T20:04:12","guid":{"rendered":"https:\/\/cndl.org.br\/varejosasa\/?p=20993"},"modified":"2024-01-18T17:43:16","modified_gmt":"2024-01-18T20:43:16","slug":"black-friday-2023-confira-5-dicas-para-aumentar-o-faturamento-no-ultimo-trimestre","status":"publish","type":"post","link":"https:\/\/cndl.org.br\/varejosa\/black-friday-2023-confira-5-dicas-para-aumentar-o-faturamento-no-ultimo-trimestre\/","title":{"rendered":"Black Friday 2023: confira 5 dicas para aumentar o faturamento no \u00faltimo trimestre"},"content":{"rendered":"\n<p><em>Especialista traz estrat\u00e9gias para auxiliar as pequenas e m\u00e9dias empresas na data mais importante do varejo online<\/em><\/p>\n\n\n\n<p>A Black Friday \u00e9 o evento mais importante para o com\u00e9rcio online e, neste ano, ocorrer\u00e1 no dia 24 de novembro. Apesar de representar oportunidade de crescimento para os pequenos e m\u00e9dios lojistas virtuais, algumas PMEs ainda t\u00eam dificuldades para definir a\u00e7\u00f5es: 57% dos empreendedores se sentiam \u2018mais ou menos\u2019 ou \u2018pouco preparados\u2019 para a data no ano passado, segundo dados da pesquisa \u201cAquecimento Black Friday 2022\u201d, realizada pela Nuvemshop \u2013 plataforma para cria\u00e7\u00e3o de lojas virtuais que \u00e9 l\u00edder na Am\u00e9rica Latina.<\/p>\n\n\n\n<p>Assim, para ajudar os lojistas a aproveitarem ao m\u00e1ximo a Black Friday neste ano, a especialista Babi Tonhela, gerente s\u00eanior do Ecommerce na Pr\u00e1tica \u2013 escola de empreendedorismo online da Nuvemshop \u2013, preparou algumas dicas para auxiliar os varejistas a se prepararem: \u201capesar de a Black Friday ter data fixa, as a\u00e7\u00f5es devem come\u00e7ar muito antes no e-commerce das PMEs. Quanto maior a anteced\u00eancia e mais a\u00e7\u00f5es bem executadas, melhores as chances de aumentar o faturamento no \u00faltimo trimestre do ano\u201d, explica Babi.<\/p>\n\n\n\n<p>Confira as dicas da especialista para a Black Friday 2023:<\/p>\n\n\n\n<ul class=\"wp-block-list\">\n<li><strong>Planeje sua Black Friday:<\/strong> o empreendedor precisa entender quais ser\u00e3o os objetivos com a Black Friday e assim definir as principais estrat\u00e9gias a serem utilizadas no per\u00edodo. \u201cO primeiro passo para quem deseja participar da Black Friday \u00e9 definir o que deseja atingir com as promo\u00e7\u00f5es: expandir o nicho de atua\u00e7\u00e3o, atrair novos clientes, reduzir estoque, entre outros. Desta forma, o lojista conseguir\u00e1 desenhar toda sua campanha e construir um cronograma completo com as a\u00e7\u00f5es de pr\u00e9, durante e p\u00f3s-vendas\u201d, explica Babi.<\/li>\n<\/ul>\n\n\n\n<ul class=\"wp-block-list\">\n<li><strong>Promo\u00e7\u00f5es antecipadas:<\/strong> para fazer frente \u00e0s grandes marcas, a especialista indica investir em campanhas antecipadas para colocar o neg\u00f3cio em evid\u00eancia. \u00c9 poss\u00edvel se planejar para uma Black Week (com promo\u00e7\u00f5es durante toda a semana) ou Black November (com a\u00e7\u00f5es ao longo do m\u00eas de novembro). A tend\u00eancia j\u00e1 se provou efetiva no ano passado: de acordo com um levantamento da Nuvemshop, em outubro de 2022, as pequenas e m\u00e9dias lojas online adiantaram suas promo\u00e7\u00f5es e movimentaram mais de R\uff04 238 milh\u00f5es no m\u00eas, valor 22% superior ao mesmo per\u00edodo do ano anterior.<\/li>\n<\/ul>\n\n\n\n<ul class=\"wp-block-list\">\n<li><strong>Diversidade de pagamento:<\/strong> para deixar a compra ainda mais atrativa para o consumidor, o ideal \u00e9 disponibilizar maior variedade de meios de pagamento, al\u00e9m do tradicional cart\u00e3o de cr\u00e9dito. PIX e links de pagamentos enviados diretamente ao cliente s\u00e3o op\u00e7\u00f5es em alta. \u201cOutra estrat\u00e9gia \u00e9 dar vantagens para os pagamentos \u00e0 vista, como descontos e frete gr\u00e1tis, e oferecer mais formas de parcelamento para pagamento a prazo\u201d, comenta.<\/li>\n<\/ul>\n\n\n\n<ul class=\"wp-block-list\">\n<li><strong>Redes Sociais e marketing de influ\u00eancia:<\/strong> somente em 2023, mais de 1,5 milh\u00e3o de vendas online j\u00e1 foram geradas pelas redes sociais, de acordo com levantamento da Nuvemshop. Os conte\u00fados para as redes sociais, portanto, tornam-se uma parte relevante da estrat\u00e9gia de vendas das PMEs, direcionando os consumidores para o e-commerce dessas marcas. E, ao divulgar seus produtos, muitos empreendedores assumem o papel de influenciadores da pr\u00f3pria marca, viralizando nas redes e conquistando um p\u00fablico engajado.<\/li>\n<\/ul>\n\n\n\n<ul class=\"wp-block-list\">\n<li><strong>Fideliza\u00e7\u00e3o do cliente:<\/strong> al\u00e9m de investir em estrat\u00e9gias para alcan\u00e7ar novos clientes, \u00e9 importante que o lojista aproveite a oportunidade para tamb\u00e9m ret\u00ea-los. Para isso, precisam oferecer um atendimento de qualidade, com agilidade, aten\u00e7\u00e3o e uma boa experi\u00eancia de compra, incluindo entrega no prazo, pr\u00e1tica unboxing e oferecimento de brindes ou cupons de desconto para recompra. \u201cA fideliza\u00e7\u00e3o de clientes na Black Friday traz uma boa oportunidade de garantir o retorno desses consumidores para novas compras de Natal e tamb\u00e9m no pr\u00f3ximo ano\u201d, finaliza Babi.<\/li>\n<\/ul>\n","protected":false},"excerpt":{"rendered":"<p>Especialista traz estrat\u00e9gias para auxiliar as pequenas e m\u00e9dias empresas na data mais importante do varejo online.<\/p>\n","protected":false},"author":8,"featured_media":20997,"comment_status":"closed","ping_status":"open","sticky":false,"template":"","format":"standard","meta":{"footnotes":""},"categories":[1836],"tags":[2091,1680,247,341,317,249],"class_list":["post-20993","post","type-post","status-publish","format-standard","has-post-thumbnail","hentry","category-marketing-e-vendas","tag-aumentar-o-faturamento","tag-black-friday-2023","tag-comercio","tag-economia","tag-empreendedorismo","tag-varejo"],"_links":{"self":[{"href":"https:\/\/cndl.org.br\/varejosa\/wp-json\/wp\/v2\/posts\/20993","targetHints":{"allow":["GET"]}}],"collection":[{"href":"https:\/\/cndl.org.br\/varejosa\/wp-json\/wp\/v2\/posts"}],"about":[{"href":"https:\/\/cndl.org.br\/varejosa\/wp-json\/wp\/v2\/types\/post"}],"author":[{"embeddable":true,"href":"https:\/\/cndl.org.br\/varejosa\/wp-json\/wp\/v2\/users\/8"}],"replies":[{"embeddable":true,"href":"https:\/\/cndl.org.br\/varejosa\/wp-json\/wp\/v2\/comments?post=20993"}],"version-history":[{"count":0,"href":"https:\/\/cndl.org.br\/varejosa\/wp-json\/wp\/v2\/posts\/20993\/revisions"}],"wp:featuredmedia":[{"embeddable":true,"href":"https:\/\/cndl.org.br\/varejosa\/wp-json\/wp\/v2\/media\/20997"}],"wp:attachment":[{"href":"https:\/\/cndl.org.br\/varejosa\/wp-json\/wp\/v2\/media?parent=20993"}],"wp:term":[{"taxonomy":"category","embeddable":true,"href":"https:\/\/cndl.org.br\/varejosa\/wp-json\/wp\/v2\/categories?post=20993"},{"taxonomy":"post_tag","embeddable":true,"href":"https:\/\/cndl.org.br\/varejosa\/wp-json\/wp\/v2\/tags?post=20993"}],"curies":[{"name":"wp","href":"https:\/\/api.w.org\/{rel}","templated":true}]}}