{"id":21003,"date":"2023-09-22T07:46:37","date_gmt":"2023-09-22T10:46:37","guid":{"rendered":"https:\/\/cndl.org.br\/varejosasa\/?p=21003"},"modified":"2024-02-04T17:32:38","modified_gmt":"2024-02-04T20:32:38","slug":"inadimplencia-volta-a-crescer-e-atinge-6680-milhoes-de-consumidores","status":"publish","type":"post","link":"https:\/\/cndl.org.br\/varejosa\/inadimplencia-volta-a-crescer-e-atinge-6680-milhoes-de-consumidores\/","title":{"rendered":"Inadimpl\u00eancia volta a crescer e atinge 66,80 milh\u00f5es de consumidores"},"content":{"rendered":"\n<p><em>Segundo CNDL\/SPC Brasil, ap\u00f3s dois meses de queda, o n\u00famero de inadimplentes tem pequeno aumento, o que representa 40,90% da popula\u00e7\u00e3o adulta do pa\u00eds. M\u00e9dia das d\u00edvidas \u00e9 de R$ 4.108,89<\/em><\/p>\n\n\n\n<p>Ap\u00f3s dois meses consecutivos de queda, o n\u00famero de inadimplentes no pa\u00eds teve um pequeno aumento em agosto de 2023, e atinge 66,80 milh\u00f5es de brasileiros. O Indicador realizado pela CNDL (Confedera\u00e7\u00e3o Nacional de Dirigentes Lojistas) e pelo SPC Brasil (Servi\u00e7o de Prote\u00e7\u00e3o ao Cr\u00e9dito) aponta que quatro em cada dez brasileiros adultos (40,90%) estavam negativados em agosto deste ano, quando o volume de consumidores com contas atrasadas cresceu 7,17% em rela\u00e7\u00e3o ao mesmo per\u00edodo de 2022.<\/p>\n\n\n\n<p>A partir dos dados dispon\u00edveis em sua base, que abrangem informa\u00e7\u00f5es de capitais e interior de todos os 26 Estados da federa\u00e7\u00e3o, al\u00e9m do Distrito Federal, a CNDL e o SPC Brasil registram que a varia\u00e7\u00e3o anual observada em agosto deste ano ficou acima da verificada no m\u00eas anterior. Na passagem de julho para agosto, o n\u00famero de devedores cresceu 1,14%.<\/p>\n\n\n<div class=\"wp-block-image\">\n<figure class=\"aligncenter size-full\"><img loading=\"lazy\" decoding=\"async\" width=\"566\" height=\"221\" src=\"https:\/\/cndl.org.br\/varejosasa\/wp-content\/uploads\/2023\/09\/Imagem-1.png\" alt=\"\" class=\"wp-image-21004\" srcset=\"https:\/\/cndl.org.br\/varejosa\/wp-content\/uploads\/2023\/09\/Imagem-1.png 566w, https:\/\/cndl.org.br\/varejosa\/wp-content\/uploads\/2023\/09\/Imagem-1-300x117.png 300w\" sizes=\"auto, (max-width: 566px) 100vw, 566px\" \/><figcaption class=\"wp-element-caption\">N\u00daMERO DE PESSOAS INADIMPLENTES<\/figcaption><\/figure>\n<\/div>\n\n\n<p>\u201cApesar do pequeno aumento ocorrido em agosto, que se refere principalmente \u00e0s d\u00edvidas vencidas de 1 a 3 anos, a tend\u00eancia deve ser de queda dos inadimplentes nos pr\u00f3ximos meses, uma vez que todo o cen\u00e1rio macroecon\u00f4mico corrobora para essa dire\u00e7\u00e3o. Os efeitos de varia\u00e7\u00f5es da Selic levam entre tr\u00eas e seis meses para serem sentidos no mercado de cr\u00e9dito, o pa\u00eds j\u00e1 vive um momento de infla\u00e7\u00e3o mais baixa, melhora no mercado de trabalho, renda e confian\u00e7a do consumidor\u201d, destaca o presidente da CNDL, Jos\u00e9 C\u00e9sar da Costa.<\/p>\n\n\n<div class=\"wp-block-image\">\n<figure class=\"aligncenter size-full\"><img loading=\"lazy\" decoding=\"async\" width=\"566\" height=\"216\" src=\"https:\/\/cndl.org.br\/varejosasa\/wp-content\/uploads\/2023\/09\/Imagem-2.png\" alt=\"\" class=\"wp-image-21005\" srcset=\"https:\/\/cndl.org.br\/varejosa\/wp-content\/uploads\/2023\/09\/Imagem-2.png 566w, https:\/\/cndl.org.br\/varejosa\/wp-content\/uploads\/2023\/09\/Imagem-2-300x114.png 300w\" sizes=\"auto, (max-width: 566px) 100vw, 566px\" \/><figcaption class=\"wp-element-caption\">N\u00daMERO DE PESSOAS INADIMPLENTES POR TEMPO DE ATRASO<\/figcaption><\/figure>\n<\/div>\n\n\n<p>O crescimento do indicador anual se concentrou no aumento de inclus\u00f5es de devedores com tempo de inadimpl\u00eancia de 1 a 3 anos (25,87%).<\/p>\n\n\n\n<p>O n\u00famero de devedores com participa\u00e7\u00e3o mais expressiva em agosto est\u00e1 na faixa et\u00e1ria de 30 a 39 anos (23,74%). S\u00e3o 16,57 milh\u00f5es de pessoas registradas em cadastro de devedores nesta faixa, ou seja, quase metade (48,59%) dos brasileiros desse grupo et\u00e1rio est\u00e3o negativados. A participa\u00e7\u00e3o dos devedores por sexo segue bem distribu\u00edda, sendo 51,10% mulheres e 48,90% homens.<\/p>\n\n\n\n<p>\u201cO Programa Desenrola ainda est\u00e1 em fase inicial e deve trazer um impacto positivo na inadimpl\u00eancia nos pr\u00f3ximos meses. Sabemos que apesar do Programa, n\u00e3o devemos ter uma queda constante e as oscila\u00e7\u00f5es devem ocorrer, j\u00e1 que o cen\u00e1rio de inadimpl\u00eancia atingiu patamares muito elevados nos \u00faltimos anos. Al\u00e9m disso, \u00e9 necess\u00e1rio ficar atento \u00e0 reincid\u00eancia do consumidor uma vez que 86% dos que pagam suas contas atrasadas depois retornam \u00e0 inadimpl\u00eancia\u201d, aponta o presidente do SPC Brasil, Roque Pellizzaro J\u00fanior.<\/p>\n\n\n<div class=\"wp-block-image\">\n<figure class=\"aligncenter size-full is-resized\"><img loading=\"lazy\" decoding=\"async\" src=\"https:\/\/cndl.org.br\/varejosasa\/wp-content\/uploads\/2023\/09\/Imagem3.png\" alt=\"\" class=\"wp-image-21006\" style=\"width:549px;height:211px\" width=\"549\" height=\"211\" srcset=\"https:\/\/cndl.org.br\/varejosa\/wp-content\/uploads\/2023\/09\/Imagem3.png 479w, https:\/\/cndl.org.br\/varejosa\/wp-content\/uploads\/2023\/09\/Imagem3-300x115.png 300w\" sizes=\"auto, (max-width: 549px) 100vw, 549px\" \/><figcaption class=\"wp-element-caption\">N\u00daMERO DE PESSOAS INADIMPLENTES POR FAIXA ET\u00c1RIA E SEXO<\/figcaption><\/figure>\n<\/div>\n\n<div class=\"wp-block-image\">\n<figure class=\"aligncenter size-full\"><img loading=\"lazy\" decoding=\"async\" width=\"566\" height=\"350\" src=\"https:\/\/cndl.org.br\/varejosasa\/wp-content\/uploads\/2023\/09\/Imagem4.png\" alt=\"\" class=\"wp-image-21007\" srcset=\"https:\/\/cndl.org.br\/varejosa\/wp-content\/uploads\/2023\/09\/Imagem4.png 566w, https:\/\/cndl.org.br\/varejosa\/wp-content\/uploads\/2023\/09\/Imagem4-300x186.png 300w\" sizes=\"auto, (max-width: 566px) 100vw, 566px\" \/><figcaption class=\"wp-element-caption\">ESTIMATIVA DE INADIMPLENTES POR FAIXA ET\u00c1RIA<\/figcaption><\/figure>\n<\/div>\n\n\n<p><strong>Cada negativado deve, em m\u00e9dia, R$ 4.108,89<\/strong><br>Em agosto de 2023, cada consumidor negativado devia, em m\u00e9dia, R$ 4.108,89 na soma de todas as d\u00edvidas. Al\u00e9m disso, cada inadimplente devia, em m\u00e9dia, para 2,08 empresas credoras, considerando todas essas d\u00edvidas.<\/p>\n\n\n<div class=\"wp-block-image\">\n<figure class=\"aligncenter size-full\"><img loading=\"lazy\" decoding=\"async\" width=\"504\" height=\"241\" src=\"https:\/\/cndl.org.br\/varejosasa\/wp-content\/uploads\/2023\/09\/Imagem5.png\" alt=\"\" class=\"wp-image-21008\" srcset=\"https:\/\/cndl.org.br\/varejosa\/wp-content\/uploads\/2023\/09\/Imagem5.png 504w, https:\/\/cndl.org.br\/varejosa\/wp-content\/uploads\/2023\/09\/Imagem5-300x143.png 300w\" sizes=\"auto, (max-width: 504px) 100vw, 504px\" \/><figcaption class=\"wp-element-caption\">N\u00daMERO DE PESSOAS INADIMPLENTES POR VALOR TOTAL DAS D\u00cdVIDAS<\/figcaption><\/figure>\n<\/div>\n\n\n<p>Os dados ainda mostram que cerca de tr\u00eas em cada dez consumidores (31,11%) tinham d\u00edvidas de valor de at\u00e9 R$ 500, percentual que chega a 45,25% quando se fala de d\u00edvidas de at\u00e9 R$ 1.000.<\/p>\n\n\n\n<p>Em agosto de 2023, o n\u00famero de d\u00edvidas em atraso no Brasil teve crescimento de 14,75% em rela\u00e7\u00e3o ao mesmo per\u00edodo de 2022. O dado observado em agosto deste ano ficou acima da varia\u00e7\u00e3o anual observada no m\u00eas anterior. Na passagem de julho para agosto, o n\u00famero de d\u00edvidas apresentou alta de 2,19%.<\/p>\n\n\n<div class=\"wp-block-image\">\n<figure class=\"aligncenter size-full\"><img loading=\"lazy\" decoding=\"async\" width=\"566\" height=\"223\" src=\"https:\/\/cndl.org.br\/varejosasa\/wp-content\/uploads\/2023\/09\/Imagem6.png\" alt=\"\" class=\"wp-image-21009\" srcset=\"https:\/\/cndl.org.br\/varejosa\/wp-content\/uploads\/2023\/09\/Imagem6.png 566w, https:\/\/cndl.org.br\/varejosa\/wp-content\/uploads\/2023\/09\/Imagem6-300x118.png 300w\" sizes=\"auto, (max-width: 566px) 100vw, 566px\" \/><figcaption class=\"wp-element-caption\">N\u00daMERO DE D\u00cdVIDAS EM ATRASO<\/figcaption><\/figure>\n<\/div>\n\n\n<p>Abrindo a evolu\u00e7\u00e3o do n\u00famero de d\u00edvidas por setor credor, destacou\u2010se a evolu\u00e7\u00e3o das d\u00edvidas com o setor de \u00c1gua e Luz com crescimento de 31,97%, seguido de Bancos (19,79%). Em outra dire\u00e7\u00e3o, as d\u00edvidas com o setor credor de Comunica\u00e7\u00e3o (\u201013,71%) e Com\u00e9rcio (\u20100,97%) apresentaram queda no total de d\u00edvidas em atraso.<\/p>\n\n\n\n<p>\u201cNa primeira fase do Programa Desenrola os bancos que aderissem deveriam retirar o nome da lista de negativados daqueles consumidores com d\u00edvidas com valores menores do que R$ 100. No entanto, \u00e9 importante destacar que, apesar da retirada do nome do cadastro de inadimplentes e da possibilidade de retorno ao consumo, a d\u00edvida n\u00e3o foi extinta. Ela continua existindo e precisa ser renegociada com a empresa\u201d, alerta a especialista em finan\u00e7as da CNDL, Merula Borges.<\/p>\n\n\n<div class=\"wp-block-image\">\n<figure class=\"aligncenter size-full\"><img loading=\"lazy\" decoding=\"async\" width=\"566\" height=\"240\" src=\"https:\/\/cndl.org.br\/varejosasa\/wp-content\/uploads\/2023\/09\/Imagem7.png\" alt=\"\" class=\"wp-image-21010\" srcset=\"https:\/\/cndl.org.br\/varejosa\/wp-content\/uploads\/2023\/09\/Imagem7.png 566w, https:\/\/cndl.org.br\/varejosa\/wp-content\/uploads\/2023\/09\/Imagem7-300x127.png 300w\" sizes=\"auto, (max-width: 566px) 100vw, 566px\" \/><figcaption class=\"wp-element-caption\">N\u00daMERO DE D\u00cdVIDAS EM ATRASO POR SETOR CREDOR<\/figcaption><\/figure>\n<\/div>\n\n\n<p>Em termos de participa\u00e7\u00e3o, o setor credor que concentra a maior parte das d\u00edvidas \u00e9 o de Bancos, com 63,16% do total. Na sequ\u00eancia, aparece \u00c1gua e Luz (12,20%), o setor de Com\u00e9rcio com 11,33% e Outros, com 6,75% do total de d\u00edvidas.<\/p>\n\n\n\n<p>Para todos os indicadores, considera-se que uma d\u00edvida \u00e9 a rela\u00e7\u00e3o de um credor com um devedor, mesmo que esse credor tenha inclu\u00eddo v\u00e1rios registros desse devedor junto ao SPC Brasil. Ou seja, mesmo que um devedor tenha quatro registros de um mesmo credor, assume-se que esse consumidor tem apenas uma d\u00edvida.<\/p>\n","protected":false},"excerpt":{"rendered":"<p>Segundo CNDL\/SPC Brasil, ap\u00f3s dois meses de queda, o n\u00famero de inadimplentes tem pequeno aumento, o que representa 40,90% da popula\u00e7\u00e3o adulta do pa\u00eds. M\u00e9dia das d\u00edvidas \u00e9 de R$ 4.108,89.<\/p>\n","protected":false},"author":10,"featured_media":21011,"comment_status":"closed","ping_status":"open","sticky":false,"template":"","format":"standard","meta":{"footnotes":""},"categories":[2277],"tags":[341,947,266,250],"class_list":["post-21003","post","type-post","status-publish","format-standard","has-post-thumbnail","hentry","category-pesquisa","tag-economia","tag-endividamento","tag-inadimplencia","tag-vendas"],"_links":{"self":[{"href":"https:\/\/cndl.org.br\/varejosa\/wp-json\/wp\/v2\/posts\/21003","targetHints":{"allow":["GET"]}}],"collection":[{"href":"https:\/\/cndl.org.br\/varejosa\/wp-json\/wp\/v2\/posts"}],"about":[{"href":"https:\/\/cndl.org.br\/varejosa\/wp-json\/wp\/v2\/types\/post"}],"author":[{"embeddable":true,"href":"https:\/\/cndl.org.br\/varejosa\/wp-json\/wp\/v2\/users\/10"}],"replies":[{"embeddable":true,"href":"https:\/\/cndl.org.br\/varejosa\/wp-json\/wp\/v2\/comments?post=21003"}],"version-history":[{"count":0,"href":"https:\/\/cndl.org.br\/varejosa\/wp-json\/wp\/v2\/posts\/21003\/revisions"}],"wp:featuredmedia":[{"embeddable":true,"href":"https:\/\/cndl.org.br\/varejosa\/wp-json\/wp\/v2\/media\/21011"}],"wp:attachment":[{"href":"https:\/\/cndl.org.br\/varejosa\/wp-json\/wp\/v2\/media?parent=21003"}],"wp:term":[{"taxonomy":"category","embeddable":true,"href":"https:\/\/cndl.org.br\/varejosa\/wp-json\/wp\/v2\/categories?post=21003"},{"taxonomy":"post_tag","embeddable":true,"href":"https:\/\/cndl.org.br\/varejosa\/wp-json\/wp\/v2\/tags?post=21003"}],"curies":[{"name":"wp","href":"https:\/\/api.w.org\/{rel}","templated":true}]}}