{"id":21094,"date":"2023-09-29T10:22:08","date_gmt":"2023-09-29T13:22:08","guid":{"rendered":"https:\/\/cndl.org.br\/varejosasa\/?p=21094"},"modified":"2024-01-18T17:43:15","modified_gmt":"2024-01-18T20:43:15","slug":"o-impacto-da-confianca-no-varejo-no-consumo-nos-investimentos-na-renda-e-no-emprego","status":"publish","type":"post","link":"https:\/\/cndl.org.br\/varejosa\/o-impacto-da-confianca-no-varejo-no-consumo-nos-investimentos-na-renda-e-no-emprego\/","title":{"rendered":"O impacto da confian\u00e7a no varejo, no consumo, nos investimentos, na renda e no emprego"},"content":{"rendered":"\n<p><em>Por<strong> Marcos Gouv\u00eaa de Souza <\/strong><br>Diretor-geral da Gouv\u00eaa Ecosystem<\/em><\/p>\n\n\n\n<p>A confian\u00e7a dos consumidores \u00e9 fator cr\u00edtico e influencia a propens\u00e3o a comprar, consumir e impacta de forma direta o comportamento do varejo, mesmo quando a renda est\u00e1 sob press\u00e3o, pois pode ser usado o cr\u00e9dito.<\/p>\n\n\n\n<p>E, normalmente, o crescimento da confian\u00e7a do consumidor antecipa ciclos de expans\u00e3o de neg\u00f3cios nos setores de varejo e consumo, alternando o comportamento de categorias de produtos.<\/p>\n\n\n\n<p>Por outro lado, a confian\u00e7a empresarial \u00e9 fator determinante para o aumento ou redu\u00e7\u00e3o dos investimentos privados, geradores de emprego e renda no Pa\u00eds.<\/p>\n\n\n\n<p>Por tudo isso, \u00e9 importante acompanhar e, quando poss\u00edvel, explicar e antecipar o comportamento da confian\u00e7a empresarial e do consumidor pelos impactos na economia e no mercado.<\/p>\n\n\n\n<p>Esse foi um dos temas bastante debatido durante o Latam Retail Show 2023, em diversos pain\u00e9is, em especial o final com a participa\u00e7\u00e3o de Ab\u00edlio Diniz. Quando analisamos o comportamento hist\u00f3rico mais recente desses indicadores, podemos entender os ciclos econ\u00f4micos e o comportamento desses fatores e, ao mesmo tempo, antecipar o que deve acontecer no futuro mais pr\u00f3ximo.<\/p>\n\n\n\n<p>Como mostrado no gr\u00e1fico abaixo, com base nos dados apurados pela FGV-Ibre nos \u00faltimos 18 anos, os dois indicadores, confian\u00e7as empresarial e dos consumidores, caminharam de forma convergente, com exce\u00e7\u00e3o de poucos per\u00edodos: o mais forte deles, durante a recente pandemia, do in\u00edcio de 2020 at\u00e9 o in\u00edcio deste ano, quando a confian\u00e7a dos consumidores caiu muito e a do setor empresarial manteve-se mais alta.<\/p>\n\n\n<div class=\"wp-block-image\">\n<figure class=\"alignleft size-large is-resized\"><img loading=\"lazy\" decoding=\"async\" src=\"https:\/\/cndl.org.br\/varejosasa\/wp-content\/uploads\/2023\/09\/grafico-fgv-1536x957-1-1024x638.png\" alt=\"\" class=\"wp-image-21099\" style=\"width:368px;height:230px\" width=\"368\" height=\"230\" srcset=\"https:\/\/cndl.org.br\/varejosa\/wp-content\/uploads\/2023\/09\/grafico-fgv-1536x957-1-1024x638.png 1024w, https:\/\/cndl.org.br\/varejosa\/wp-content\/uploads\/2023\/09\/grafico-fgv-1536x957-1-300x187.png 300w, https:\/\/cndl.org.br\/varejosa\/wp-content\/uploads\/2023\/09\/grafico-fgv-1536x957-1-768x479.png 768w, https:\/\/cndl.org.br\/varejosa\/wp-content\/uploads\/2023\/09\/grafico-fgv-1536x957-1-600x374.png 600w, https:\/\/cndl.org.br\/varejosa\/wp-content\/uploads\/2023\/09\/grafico-fgv-1536x957-1.png 1536w\" sizes=\"auto, (max-width: 368px) 100vw, 368px\" \/><figcaption class=\"wp-element-caption\">Fonte: \u00cdndice de Confian\u00e7a dos Consumidores e Empresarial do FGV-Ibre, com an\u00e1lise Mosaiclab da Gouv\u00eaa Ecosystem<\/figcaption><\/figure>\n<\/div>\n\n\n<p>O crescimento do \u00cdndice de Confian\u00e7a dos Consumidores neste momento \u00e9 reflexo de uma conjuga\u00e7\u00e3o positiva de fatores, que inclui a melhoria de curto prazo do emprego, da renda real, a redu\u00e7\u00e3o da infla\u00e7\u00e3o, em especial na alimenta\u00e7\u00e3o no lar, e o ampliado programas de aux\u00edlios sustentado pelo governo.<\/p>\n\n\n\n<p>A defla\u00e7\u00e3o apurada na alimenta\u00e7\u00e3o no lar tem forte e direto impacto nas classes de menor poder aquisitivo, que representam a maior parcela da popula\u00e7\u00e3o.<\/p>\n\n\n\n<p>O elevado n\u00edvel de taxas de juros no cr\u00e9dito, a limitada e cautelosa oferta de cr\u00e9dito, a alta inadimpl\u00eancia e o elevado n\u00edvel de endividamento das fam\u00edlias, que se alteraram de forma marcante durante o per\u00edodo da pandemia, conspiram para que o \u00edndice de confian\u00e7a n\u00e3o seja ainda maior.<\/p>\n\n\n\n<p>Os per\u00edodos de maior confian\u00e7a do consumidor foram os de julho de 2007 a maio de 2008 e depois de abril de 2010 a dezembro de 2013, quando tivemos a maior expans\u00e3o do varejo e do consumo na hist\u00f3ria mais recente do Pa\u00eds e que marcaram o que ficou conhecido como Per\u00edodo de Ouro desses setores.<\/p>\n\n\n\n<p>Do lado empresarial, temos no momento um cen\u00e1rio contr\u00e1rio. A redu\u00e7\u00e3o das taxas de juros traz uma sinaliza\u00e7\u00e3o, sem d\u00favida, positiva, tanto quanto a melhoria do emprego e da ocupa\u00e7\u00e3o, ainda que com forte crescimento do emprego informal.<\/p>\n\n\n\n<p>Mas a ainda elevada taxa de juros inibe investimentos e o comportamento fica dividido. \u00c9 reconhecida a import\u00e2ncia do que foi feito na gest\u00e3o dos juros e seu impacto na queda da infla\u00e7\u00e3o, que colocou o Pa\u00eds em situa\u00e7\u00e3o de destaque no cen\u00e1rio internacional, por\u00e9m, a necess\u00e1ria e cautelosa redu\u00e7\u00e3o das taxas inibe novos investimentos.<\/p>\n\n\n\n<p>Para o setor empresarial mais ligado ao consumo e varejo, os mesmos dados positivos e negativos que impactam o consumidor geram um comportamento tamb\u00e9m mais cauteloso, em particular a elevada inadimpl\u00eancia e o n\u00edvel de endividamento das fam\u00edlias.<\/p>\n\n\n\n<p>Mas o maior impacto na confian\u00e7a empresarial \u00e9 outro conjunto de fatores, de maior relev\u00e2ncia nos m\u00e9dio e longo prazos, que envolve indefini\u00e7\u00f5es, d\u00favidas, impactos e consequ\u00eancias de temas fundamentais para o presente e o futuro do Pa\u00eds.<\/p>\n\n\n\n<p>Indefini\u00e7\u00f5es s\u00e9rias sobre a reforma tribut\u00e1ria e seus impactos diretos em determinados setores, em especial os de com\u00e9rcio e servi\u00e7os, a retomada das contribui\u00e7\u00f5es sindicais dos empregados e a lentid\u00e3o de tudo que envolve uma reforma administrativa de fato s\u00e3o algumas dessas preocupa\u00e7\u00f5es.<\/p>\n\n\n\n<p>Tanto quanto o intervencionismo do STF em mat\u00e9rias que confirmam aquela coloca\u00e7\u00e3o de que no Brasil at\u00e9 o passado \u00e9 incerto, cuja autoria, tamb\u00e9m incerta, \u00e9 atribu\u00edda a Pedro Malan ou Gustavo Franco.<\/p>\n\n\n\n<p>Para n\u00e3o falar de bizarrices tribut\u00e1rias, como a n\u00e3o taxa\u00e7\u00e3o de importa\u00e7\u00f5es de produtos de baixo valor, em flagrante e in\u00edqua concorr\u00eancia com o varejo e a ind\u00fastria nacionais, que n\u00e3o podem se beneficiar da mesma benesse promovida pelo populismo de curto prazo.<\/p>\n\n\n\n<p>Outros temas relevantes, estruturais e estrat\u00e9gicos tamb\u00e9m n\u00e3o avan\u00e7am e t\u00eam seu futuro incerto e indefinido. E tudo o que se consegue enxergar \u00e9, desde o come\u00e7o, o compromisso maior com a pr\u00f3xima elei\u00e7\u00e3o e n\u00e3o com a na\u00e7\u00e3o.<\/p>\n\n\n\n<p>Para despertar e potencializar a confian\u00e7a empresarial que possa gerar investimento, renda e emprego, fatores fundamentais no desenvolvimento sustent\u00e1vel do Brasil, precisamos ter regras claras e transparentes, reforma administrativa que modernize o Estado, uma reforma do Judici\u00e1rio, que o coloque a servi\u00e7o do Pa\u00eds e n\u00e3o de interesses pol\u00edticos, e, principalmente, um projeto de longo prazo para a na\u00e7\u00e3o.<\/p>\n\n\n\n<p>De forma cautelosa, acreditamos que nos curto e m\u00e9dio prazos a confian\u00e7a do consumidor poder\u00e1 ainda aumentar e melhorar desempenho do varejo e consumo, mas, enquanto persistir a miopia atual, a confian\u00e7a empresarial n\u00e3o vai crescer e contribuir para o crescimento sustent\u00e1vel.<\/p>\n\n\n\n<p>E permaneceremos ref\u00e9ns de uma equa\u00e7\u00e3o antiga e superada no mundo moderno dependendo ainda mais da expans\u00e3o e sustenta\u00e7\u00e3o do Estado, com elevada tributa\u00e7\u00e3o, em vez da din\u00e2mica, iniciativas e vis\u00e3o do setor privado.<\/p>\n\n\n\n<p>Vale refletir.<\/p>\n","protected":false},"excerpt":{"rendered":"<p>A confian\u00e7a dos consumidores atingiu seu n\u00edvel mais alto desde janeiro de 2019, sinalizando melhorias no varejo e consumo, mas tem um comportamento distinto da confian\u00e7a empresarial, que tende a declinar, impactando investimentos, gera\u00e7\u00e3o de emprego e renda.<\/p>\n","protected":false},"author":8,"featured_media":21095,"comment_status":"closed","ping_status":"open","sticky":false,"template":"","format":"standard","meta":{"footnotes":""},"categories":[1836],"tags":[247,292,341,317,1845,2105,2106,249],"class_list":["post-21094","post","type-post","status-publish","format-standard","has-post-thumbnail","hentry","category-marketing-e-vendas","tag-comercio","tag-consumo","tag-economia","tag-empreendedorismo","tag-gouvea-ecosystem","tag-impacto-da-confianca-do-consumidor","tag-marcos-gouvea","tag-varejo"],"_links":{"self":[{"href":"https:\/\/cndl.org.br\/varejosa\/wp-json\/wp\/v2\/posts\/21094","targetHints":{"allow":["GET"]}}],"collection":[{"href":"https:\/\/cndl.org.br\/varejosa\/wp-json\/wp\/v2\/posts"}],"about":[{"href":"https:\/\/cndl.org.br\/varejosa\/wp-json\/wp\/v2\/types\/post"}],"author":[{"embeddable":true,"href":"https:\/\/cndl.org.br\/varejosa\/wp-json\/wp\/v2\/users\/8"}],"replies":[{"embeddable":true,"href":"https:\/\/cndl.org.br\/varejosa\/wp-json\/wp\/v2\/comments?post=21094"}],"version-history":[{"count":0,"href":"https:\/\/cndl.org.br\/varejosa\/wp-json\/wp\/v2\/posts\/21094\/revisions"}],"wp:featuredmedia":[{"embeddable":true,"href":"https:\/\/cndl.org.br\/varejosa\/wp-json\/wp\/v2\/media\/21095"}],"wp:attachment":[{"href":"https:\/\/cndl.org.br\/varejosa\/wp-json\/wp\/v2\/media?parent=21094"}],"wp:term":[{"taxonomy":"category","embeddable":true,"href":"https:\/\/cndl.org.br\/varejosa\/wp-json\/wp\/v2\/categories?post=21094"},{"taxonomy":"post_tag","embeddable":true,"href":"https:\/\/cndl.org.br\/varejosa\/wp-json\/wp\/v2\/tags?post=21094"}],"curies":[{"name":"wp","href":"https:\/\/api.w.org\/{rel}","templated":true}]}}