{"id":21101,"date":"2023-09-29T10:23:59","date_gmt":"2023-09-29T13:23:59","guid":{"rendered":"https:\/\/cndl.org.br\/varejosasa\/?p=21101"},"modified":"2024-01-19T09:56:11","modified_gmt":"2024-01-19T12:56:11","slug":"camara-setorial-da-mulher-da-cdl-cl-se-reune-com-prefeito-de-conselheiro-lafaiete","status":"publish","type":"post","link":"https:\/\/cndl.org.br\/varejosa\/camara-setorial-da-mulher-da-cdl-cl-se-reune-com-prefeito-de-conselheiro-lafaiete\/","title":{"rendered":"C\u00e2mara Setorial da Mulher da CDL-CL se re\u00fane com prefeito de Conselheiro Lafaiete"},"content":{"rendered":"\n<p>A C\u00e2mara Setorial da Mulher da CDL Lafaiete se reuniu, na \u00faltima quarta-feira (27), com o prefeito de Conselheiro Lafaiete, M\u00e1rio Marcus para apresenta\u00e7\u00e3o institucional da CDL Mulher e levar demandas referentes ao servi\u00e7o das creches municipais. Na ocasi\u00e3o, foi entregue tamb\u00e9m ao prefeito a cartilha \u201cMulheres que Constroem o Varejo \u2013 Precursoras da Mudan\u00e7a\u201d, um projeto da CNDL \u2013 Confedera\u00e7\u00e3o Nacional de Dirigentes Lojistas e realizado pela CDL Lafaiete para levantar o perfil da mulher empreendedora do munic\u00edpio com o intuito de identificar o porte, segmento, desafios e poss\u00edveis dificuldades do setor.<\/p>\n\n\n<div class=\"wp-block-image\">\n<figure class=\"alignleft size-large is-resized\"><img loading=\"lazy\" decoding=\"async\" src=\"https:\/\/cndl.org.br\/varejosasa\/wp-content\/uploads\/2023\/09\/Foto-Integrantews-CDL-Mulher-e-Prefeito-Mario-Marcus-1024x1024.png\" alt=\"\" class=\"wp-image-21103\" style=\"width:346px;height:346px\" width=\"346\" height=\"346\" srcset=\"https:\/\/cndl.org.br\/varejosa\/wp-content\/uploads\/2023\/09\/Foto-Integrantews-CDL-Mulher-e-Prefeito-Mario-Marcus-1024x1024.png 1024w, https:\/\/cndl.org.br\/varejosa\/wp-content\/uploads\/2023\/09\/Foto-Integrantews-CDL-Mulher-e-Prefeito-Mario-Marcus-300x300.png 300w, https:\/\/cndl.org.br\/varejosa\/wp-content\/uploads\/2023\/09\/Foto-Integrantews-CDL-Mulher-e-Prefeito-Mario-Marcus-150x150.png 150w, https:\/\/cndl.org.br\/varejosa\/wp-content\/uploads\/2023\/09\/Foto-Integrantews-CDL-Mulher-e-Prefeito-Mario-Marcus-768x768.png 768w, https:\/\/cndl.org.br\/varejosa\/wp-content\/uploads\/2023\/09\/Foto-Integrantews-CDL-Mulher-e-Prefeito-Mario-Marcus-550x550.png 550w, https:\/\/cndl.org.br\/varejosa\/wp-content\/uploads\/2023\/09\/Foto-Integrantews-CDL-Mulher-e-Prefeito-Mario-Marcus-1100x1100.png 1100w, https:\/\/cndl.org.br\/varejosa\/wp-content\/uploads\/2023\/09\/Foto-Integrantews-CDL-Mulher-e-Prefeito-Mario-Marcus-600x600.png 600w, https:\/\/cndl.org.br\/varejosa\/wp-content\/uploads\/2023\/09\/Foto-Integrantews-CDL-Mulher-e-Prefeito-Mario-Marcus-500x500.png 500w, https:\/\/cndl.org.br\/varejosa\/wp-content\/uploads\/2023\/09\/Foto-Integrantews-CDL-Mulher-e-Prefeito-Mario-Marcus.png 1500w\" sizes=\"auto, (max-width: 346px) 100vw, 346px\" \/><figcaption class=\"wp-element-caption\"><em>Integrantes CDL Mulher e Prefeito M\u00e1rio Marcus<\/em><\/figcaption><\/figure>\n<\/div>\n\n\n<p>O encontro contou com a participa\u00e7\u00e3o das integrantes Neila Maria Tavares \u2013 Coordenadora da CDL Mulher; Juliana Teixeira Guerra Vasconcelos; Regina da Silva Costa e Ivone Cristina Santiago Lacerda Maia Albuquerque. Tamb\u00e9m estiveram presentes as diretoras da CDLCL: L\u00facia Helena Leij\u00f4to Pinto (A\u00e7\u00f5es Institucionais e Coordenadora Nacional do Projeto Mulheres que Constroem o Varejo); Olinda Franco Coura Limeres (Comunica\u00e7\u00e3o e Eventos) e Josiane C\u00e1ssia Rodrigues (Conselho Fiscal).<\/p>\n\n\n\n<p>Ap\u00f3s a apresenta\u00e7\u00e3o da C\u00e2mara Setorial da Mulher, a coordenadora Neila Maria Tavares, apresentou o primeiro projeto da CDL Mulher que \u00e9 sobre a possibilidade de amplia\u00e7\u00e3o do hor\u00e1rio de funcionamento das creches municipais para atender uma demanda das mulheres do com\u00e9rcio, pois muitas s\u00e3o m\u00e3es e, para conciliarem suas atividades profissionais, dependem da ajuda de parentes e amigos para buscarem e cuidarem de seus filhos at\u00e9 o hor\u00e1rio que saem do trabalho.<\/p>\n\n\n\n<p>As creches do munic\u00edpio funcionam de segunda a sexta-feira das 08h \u00e0s 16h (nos bairros) e das 07h \u00e0s 17h (no centro e em Nazar\u00e9), conflitando com o hor\u00e1rio de funcionamento do com\u00e9rcio local que \u00e9 de segunda a sexta, de 9h \u00e0s 18h e aos s\u00e1bados de 9h \u00e0s 13h. A proposta da CDL Mulher \u00e9 que o hor\u00e1rio de funcionamento seja de 8h \u00e0s 18h (de segunda a sexta-feira) e aos s\u00e1bados de 08h \u00e0s 13h.<\/p>\n\n\n\n<p><em>Fonte: CDL-CL<\/em><\/p>\n","protected":false},"excerpt":{"rendered":"<p>A C\u00e2mara Setorial da Mulher da CDL Lafaiete se reuniu, na \u00faltima quarta-feira (27), com o prefeito de Conselheiro Lafaiete, M\u00e1rio Marcus para apresenta\u00e7\u00e3o institucional da CDL Mulher e levar demandas referentes ao servi\u00e7o das creches municipais. Na ocasi\u00e3o, foi entregue tamb\u00e9m ao prefeito a cartilha \u201cMulheres que Constroem o Varejo \u2013 Precursoras da Mudan\u00e7a\u201d, um projeto da CNDL \u2013 Confedera\u00e7\u00e3o Nacional de Dirigentes Lojistas e realizado pela CDL Lafaiete para levantar o perfil da mulher empreendedora do munic\u00edpio com o intuito de identificar o porte, segmento, desafios e poss\u00edveis dificuldades do setor.<\/p>\n","protected":false},"author":18,"featured_media":21102,"comment_status":"closed","ping_status":"open","sticky":false,"template":"","format":"standard","meta":{"footnotes":""},"categories":[1371],"tags":[2671,2656,2672,2673],"class_list":["post-21101","post","type-post","status-publish","format-standard","has-post-thumbnail","hentry","category-noticias-cndl","tag-camara-setorial-da-mulher-da-cdlcl","tag-cdl-conselheiro-lafaiete","tag-cdlcl","tag-mulheres-que-constroem-o-varejo-precursoras-da-mudanca"],"_links":{"self":[{"href":"https:\/\/cndl.org.br\/varejosa\/wp-json\/wp\/v2\/posts\/21101","targetHints":{"allow":["GET"]}}],"collection":[{"href":"https:\/\/cndl.org.br\/varejosa\/wp-json\/wp\/v2\/posts"}],"about":[{"href":"https:\/\/cndl.org.br\/varejosa\/wp-json\/wp\/v2\/types\/post"}],"author":[{"embeddable":true,"href":"https:\/\/cndl.org.br\/varejosa\/wp-json\/wp\/v2\/users\/18"}],"replies":[{"embeddable":true,"href":"https:\/\/cndl.org.br\/varejosa\/wp-json\/wp\/v2\/comments?post=21101"}],"version-history":[{"count":0,"href":"https:\/\/cndl.org.br\/varejosa\/wp-json\/wp\/v2\/posts\/21101\/revisions"}],"wp:featuredmedia":[{"embeddable":true,"href":"https:\/\/cndl.org.br\/varejosa\/wp-json\/wp\/v2\/media\/21102"}],"wp:attachment":[{"href":"https:\/\/cndl.org.br\/varejosa\/wp-json\/wp\/v2\/media?parent=21101"}],"wp:term":[{"taxonomy":"category","embeddable":true,"href":"https:\/\/cndl.org.br\/varejosa\/wp-json\/wp\/v2\/categories?post=21101"},{"taxonomy":"post_tag","embeddable":true,"href":"https:\/\/cndl.org.br\/varejosa\/wp-json\/wp\/v2\/tags?post=21101"}],"curies":[{"name":"wp","href":"https:\/\/api.w.org\/{rel}","templated":true}]}}