{"id":21138,"date":"2023-10-02T18:09:27","date_gmt":"2023-10-02T21:09:27","guid":{"rendered":"https:\/\/cndl.org.br\/varejosasa\/?p=21138"},"modified":"2024-01-19T09:56:10","modified_gmt":"2024-01-19T12:56:10","slug":"shine-experience-chega-a-capital-federal-para-inspirar-as-empreendedoras","status":"publish","type":"post","link":"https:\/\/cndl.org.br\/varejosa\/shine-experience-chega-a-capital-federal-para-inspirar-as-empreendedoras\/","title":{"rendered":"Shine Experience chega \u00e0 capital federal para inspirar as empreendedoras"},"content":{"rendered":"\n<p><em>O evento que come\u00e7ou em Palmas (TO) reuniu empreendedoras do Distrito Federal; as participantes puderam assistir \u00e0 palestra com Janete Vaz, uma das fundadoras do laborat\u00f3rio Sabin<\/em><\/p>\n\n\n<div class=\"wp-block-image\">\n<figure class=\"alignright size-large is-resized\"><img loading=\"lazy\" decoding=\"async\" src=\"https:\/\/cndl.org.br\/varejosasa\/wp-content\/uploads\/2023\/10\/Imagem-do-WhatsApp-de-2023-10-02-as-17.58.30_a048ce42-1024x768.jpg\" alt=\"\" class=\"wp-image-21140\" style=\"width:350px;height:263px\" width=\"350\" height=\"263\" srcset=\"https:\/\/cndl.org.br\/varejosa\/wp-content\/uploads\/2023\/10\/Imagem-do-WhatsApp-de-2023-10-02-as-17.58.30_a048ce42-1024x768.jpg 1024w, https:\/\/cndl.org.br\/varejosa\/wp-content\/uploads\/2023\/10\/Imagem-do-WhatsApp-de-2023-10-02-as-17.58.30_a048ce42-300x225.jpg 300w, https:\/\/cndl.org.br\/varejosa\/wp-content\/uploads\/2023\/10\/Imagem-do-WhatsApp-de-2023-10-02-as-17.58.30_a048ce42-768x576.jpg 768w, https:\/\/cndl.org.br\/varejosa\/wp-content\/uploads\/2023\/10\/Imagem-do-WhatsApp-de-2023-10-02-as-17.58.30_a048ce42-600x450.jpg 600w, https:\/\/cndl.org.br\/varejosa\/wp-content\/uploads\/2023\/10\/Imagem-do-WhatsApp-de-2023-10-02-as-17.58.30_a048ce42.jpg 1280w\" sizes=\"auto, (max-width: 350px) 100vw, 350px\" \/><figcaption class=\"wp-element-caption\"><em>Alyne Queiroz, Simone Bucar e representante da CDL DF<\/em><\/figcaption><\/figure>\n<\/div>\n\n\n<p>A CDL DF (C\u00e2mara de Dirigentes Lojistas do Distrito Federal) sediou, na quinta-feira (28\/09), a 1\u00aa edi\u00e7\u00e3o do Shine Bras\u00edlia Business Woman, evento que contou a presen\u00e7a de cerca de 80 mulheres. Origin\u00e1rio de Palmas, o Shine \u00e9 um encontro mensal para mulheres empreendedoras conhecerem outros empreendimentos de sucesso e ainda fazer networking com as participantes. Na programa\u00e7\u00e3o, palestra com a empres\u00e1ria Janete Vaz, cofundadora do laborat\u00f3rio Sabin, que nasceu em Bras\u00edlia (DF), e hoje est\u00e1 em mais de 70 cidade no Brasil.<\/p>\n\n\n\n<p>O projeto Shine Experience come\u00e7ou h\u00e1 dois anos com 20 mulheres e atualmente s\u00e3o mais de 1.000 mulheres no estado de Tocantins. Esta \u00e9 a primeira vez que o evento \u00e9 realizado fora de Tocantins. \u201c\u00c9 um movimento e uma comunidade com o prop\u00f3sito de trazer acolhimento e apoio \u00e0s mulheres empreendedoras\u201d, afirma Simone Bucar, idealizadora do Shine. \u201cAl\u00e9m disso, apresentamos para elas ferramentas aplic\u00e1veis no seu neg\u00f3cio e que v\u00e3o transformar a sua jornada do seu mercado\u201d, acrescenta.<\/p>\n\n\n\n<p>O projeto tamb\u00e9m tem o objetivo de inspirar e motivar as mulheres a empreenderem. \u201cEm algum momento n\u00f3s escutamos: \u2018ou voc\u00ea vai ser empreendedora ou vai ser dona de casa\u2019. E a gente mostra aqui para elas que podem ser uma boa m\u00e3e e excelente profissional\u201d, diz a organizadora do Shine.<\/p>\n\n\n\n<p>O encontro de Bras\u00edlia contou com o apoio da CDL Jovem do Distrito Federal. Representaram o movimento lojista candango a diretora de Assuntos Institucionais da CDL DF, Virg\u00ednia Guimar\u00e3es, e a coordenadora de A\u00e7\u00f5es Sociais da CDL Jovem DF, Carol Novais.<\/p>\n\n\n<div class=\"wp-block-image\">\n<figure class=\"alignleft size-full is-resized\"><img loading=\"lazy\" decoding=\"async\" src=\"https:\/\/cndl.org.br\/varejosasa\/wp-content\/uploads\/2023\/10\/Imagem-do-WhatsApp-de-2023-10-02-as-17.59.51_a13a2f13.jpg\" alt=\"\" class=\"wp-image-21141\" style=\"width:319px;height:319px\" width=\"319\" height=\"319\" srcset=\"https:\/\/cndl.org.br\/varejosa\/wp-content\/uploads\/2023\/10\/Imagem-do-WhatsApp-de-2023-10-02-as-17.59.51_a13a2f13.jpg 960w, https:\/\/cndl.org.br\/varejosa\/wp-content\/uploads\/2023\/10\/Imagem-do-WhatsApp-de-2023-10-02-as-17.59.51_a13a2f13-300x300.jpg 300w, https:\/\/cndl.org.br\/varejosa\/wp-content\/uploads\/2023\/10\/Imagem-do-WhatsApp-de-2023-10-02-as-17.59.51_a13a2f13-150x150.jpg 150w, https:\/\/cndl.org.br\/varejosa\/wp-content\/uploads\/2023\/10\/Imagem-do-WhatsApp-de-2023-10-02-as-17.59.51_a13a2f13-768x768.jpg 768w, https:\/\/cndl.org.br\/varejosa\/wp-content\/uploads\/2023\/10\/Imagem-do-WhatsApp-de-2023-10-02-as-17.59.51_a13a2f13-550x550.jpg 550w, https:\/\/cndl.org.br\/varejosa\/wp-content\/uploads\/2023\/10\/Imagem-do-WhatsApp-de-2023-10-02-as-17.59.51_a13a2f13-600x600.jpg 600w, https:\/\/cndl.org.br\/varejosa\/wp-content\/uploads\/2023\/10\/Imagem-do-WhatsApp-de-2023-10-02-as-17.59.51_a13a2f13-500x500.jpg 500w\" sizes=\"auto, (max-width: 319px) 100vw, 319px\" \/><figcaption class=\"wp-element-caption\"><em>Virg\u00ednia Resende representou a diretoria da CDL DF<\/em><\/figcaption><\/figure>\n<\/div>\n\n\n<p>Alyne de Queiroz, empres\u00e1ria e embaixadora do Shine na capital federal, explica que o evento n\u00e3o veio s\u00f3 para tratar de empreendedorismo, mas para mostrar o potencial das mulheres. \u201cO Shine n\u00e3o \u00e9 s\u00f3 para falar de trabalho. Somos corpo, alma e esp\u00edrito, ent\u00e3o, n\u00e3o podemos descuidar dessas quest\u00f5es tamb\u00e9m\u201d, diz.<\/p>\n\n\n\n<p>\u201cEstar aqui \u00e9 uma oportunidade de aprender, de levar conhecimento para minha empresa e fazer relacionamentos. A CDL DF \u00e9 uma entidade sem fiz lucrativos e est\u00e1 aberta para quem deseja em empreender e entrar no mercado do Varejo\u201d, fala Virg\u00ednia Guimar\u00e3es, que faz parte do Sistema CNDL h\u00e1 17 anos.<\/p>\n\n\n\n<p><strong>Parceria<\/strong><br \/>Carol Novaes lembrou que a miss\u00e3o da CDL Jovem DF \u00e9 desenvolver jovens l\u00edderes atrav\u00e9s da troca de experi\u00eancias e a busca por inova\u00e7\u00e3o e a mobiliza\u00e7\u00e3o. Tudo isso visando a melhoria dos neg\u00f3cios e da sociedade.<\/p>\n\n\n\n<p>\u201cNo ramo do empreendedorismo, temos poucas mulheres, ent\u00e3o esse evento \u00e9 important\u00edssimo para n\u00f3s capitarmos mais mulheres. S\u00e3o esses eventos que unem e nos permite fazer networking e neg\u00f3cios, al\u00e9m de desenvolver a mentalidade empreendedora e a prosperidade de mulheres\u201d, avalia a coordenadora de A\u00e7\u00f5es Socais da CDL Jovem DF.<\/p>\n\n\n\n<p>\u201cEu acredito muito na parceria com a CDL Jovem, especialmente, porque nossos princ\u00edpios s\u00e3o bem alinhados: queremos transforma\u00e7\u00e3o para as mulheres por meio do empreendedorismo, fazendo com que elas acreditem em si mesmas\u201d, explica Simone Bucar.<\/p>\n\n\n\n<p><em>Edi\u00e7\u00e3o: Fernanda Peregrino<\/em><\/p>\n","protected":false},"excerpt":{"rendered":"<p>O evento que come\u00e7ou em Palmas (TO) reuniu empreendedoras do Distrito Federal; as participantes puderam assistir \u00e0 palestra com Janete Vaz, uma das fundadoras do laborat\u00f3rio Sabin.<\/p>\n","protected":false},"author":7,"featured_media":21139,"comment_status":"closed","ping_status":"open","sticky":false,"template":"","format":"standard","meta":{"footnotes":""},"categories":[1371],"tags":[2674,2675,247,1063,621,2676,2677,249],"class_list":["post-21138","post","type-post","status-publish","format-standard","has-post-thumbnail","hentry","category-noticias-cndl","tag-cdl-df-2","tag-cdl-jovem-df","tag-comercio","tag-empreendedorismo-feminino","tag-mulheres-empreendedoras","tag-sabin","tag-shine-brasilia-business-woman","tag-varejo"],"_links":{"self":[{"href":"https:\/\/cndl.org.br\/varejosa\/wp-json\/wp\/v2\/posts\/21138","targetHints":{"allow":["GET"]}}],"collection":[{"href":"https:\/\/cndl.org.br\/varejosa\/wp-json\/wp\/v2\/posts"}],"about":[{"href":"https:\/\/cndl.org.br\/varejosa\/wp-json\/wp\/v2\/types\/post"}],"author":[{"embeddable":true,"href":"https:\/\/cndl.org.br\/varejosa\/wp-json\/wp\/v2\/users\/7"}],"replies":[{"embeddable":true,"href":"https:\/\/cndl.org.br\/varejosa\/wp-json\/wp\/v2\/comments?post=21138"}],"version-history":[{"count":0,"href":"https:\/\/cndl.org.br\/varejosa\/wp-json\/wp\/v2\/posts\/21138\/revisions"}],"wp:featuredmedia":[{"embeddable":true,"href":"https:\/\/cndl.org.br\/varejosa\/wp-json\/wp\/v2\/media\/21139"}],"wp:attachment":[{"href":"https:\/\/cndl.org.br\/varejosa\/wp-json\/wp\/v2\/media?parent=21138"}],"wp:term":[{"taxonomy":"category","embeddable":true,"href":"https:\/\/cndl.org.br\/varejosa\/wp-json\/wp\/v2\/categories?post=21138"},{"taxonomy":"post_tag","embeddable":true,"href":"https:\/\/cndl.org.br\/varejosa\/wp-json\/wp\/v2\/tags?post=21138"}],"curies":[{"name":"wp","href":"https:\/\/api.w.org\/{rel}","templated":true}]}}