{"id":21197,"date":"2023-10-05T15:27:31","date_gmt":"2023-10-05T18:27:31","guid":{"rendered":"https:\/\/cndl.org.br\/varejosasa\/?p=21197"},"modified":"2024-02-04T13:24:05","modified_gmt":"2024-02-04T16:24:05","slug":"com-apoio-do-sebrae-mpe-week-2023-amplia-mercado-para-donos-de-pequenos-negocios","status":"publish","type":"post","link":"https:\/\/cndl.org.br\/varejosa\/com-apoio-do-sebrae-mpe-week-2023-amplia-mercado-para-donos-de-pequenos-negocios\/","title":{"rendered":"Com apoio do Sebrae, MPE Week 2023 amplia mercado para donos de pequenos neg\u00f3cios"},"content":{"rendered":"\n<p>Na semana em que se comemora o Dia Nacional da Micro e Pequena Empresa foi lan\u00e7ada a 6\u00aa edi\u00e7\u00e3o da MPE Week, iniciativa do Banco do Brasil (BB) que conta com o apoio do Sebrae para alavancar as vendas de pequenos neg\u00f3cios na internet. Por meio da jornada \u201cUP Marketing Digital\u201d, os empreendedores v\u00e3o receber mentorias espec\u00edficas para aproveitar a oportunidade da MPE Week, que acontece neste m\u00eas de outubro.<\/p>\n\n\n\n<p>A expectativa \u00e9 que 100 mil micro e pequenas empresas, de todo o pa\u00eds, sejam impulsionados pela plataforma digital do Banco do Brasil. Com a possibilidade de uma vitrine virtual, as MPE podem apresentar seus produtos e servi\u00e7os, expandir seus neg\u00f3cios, ganhar novos clientes, elevar o engajamento digital e at\u00e9 mesmo iniciar no mercado de vendas online.<\/p>\n\n\n\n<p>Os empreendedores interessados podem cadastrar gratuitamente a empresa e suas ofertas at\u00e9 o dia 13 de outubro. Neste ano, empresas que n\u00e3o s\u00e3o clientes da institui\u00e7\u00e3o tamb\u00e9m podem participar. Ap\u00f3s esse per\u00edodo, entre os dias 14 e 31 de outubro, essas ofertas ser\u00e3o divulgadas para o p\u00fablico em geral. Na edi\u00e7\u00e3o do ano passado, foram mais de 20 milh\u00f5es de consumidores impactados pela a\u00e7\u00e3o. Cadastra-se <a href=\"https:\/\/www.mpeweek.bb.com.br\/index.html\" data-type=\"link\" data-id=\"https:\/\/www.mpeweek.bb.com.br\/index.html\">aqui<\/a>.<\/p>\n\n\n\n<p>Durante o lan\u00e7amento do MPE Week, nesta quarta-feira (4), em Bras\u00edlia, o presidente do Sebrae Nacional, D\u00e9cio Lima, aproveitou a ocasi\u00e3o para destacar a import\u00e2ncia das micro e pequenas empresas, que representam 95% das empresas brasileiras e, no momento, s\u00e3o respons\u00e1veis por 79% das vagas formais de emprego, segundo dados do Caged.<\/p>\n\n\n\n<p>Ele tamb\u00e9m destacou a contribui\u00e7\u00e3o dos empreendedores, sobretudo os donos de pequenos empreendimentos, para a distribui\u00e7\u00e3o de riquezas e a promo\u00e7\u00e3o da inclus\u00e3o social, considerada o grande desafio do pa\u00eds.<\/p>\n\n\n\n<p>\u201cOs pequenos neg\u00f3cios s\u00e3o o alicerce e a base da nossa economia. S\u00e3o eles que fazem os processos de inclus\u00e3o. Hoje os brasileiros querem empreender. \u00c9 o segundo maior sonho, depois de viajar pelo pa\u00eds. Por isso, o Banco do Brasil \u00e9 de grande import\u00e2ncia para os empreendedores, pois o acesso a cr\u00e9dito ainda \u00e9 um desafio para esses neg\u00f3cios. O Sebrae tem o Banco do Brasil como importante parceiro na sustentabilidade dos neg\u00f3cios\u201d, D\u00e9cio Lima, presidente do Sebrae.<\/p>\n\n\n\n<p>De acordo com a vice-presidente de Neg\u00f3cios de Varejo do BB, Carla Nesi, o sucesso da MPE Week depende das parcerias da iniciativa. Segundo ela, as empresas cadastradas t\u00eam a possibilidade de se conectarem com mais de 80 milh\u00f5es de clientes do banco. \u201cO Sebrae \u00e9 um parceiro fundamental n\u00e3o somente para esta a\u00e7\u00e3o, como para o desenvolvimento do empreendedorismo no pa\u00eds\u201d, declarou.<\/p>\n\n\n\n<p>O diretor geral das MPE do Banco do Brasil, Marcelo Gomes, por sua vez, refor\u00e7ou as palavras do presidente do Sebrae Nacional quanto \u00e0 relev\u00e2ncia das micro e pequenas empresas. \u201cTemos certeza de que o empreendedorismo \u00e9 o grande motor de desenvolvimento do pa\u00eds. Por meio dele tamb\u00e9m \u00e9 poss\u00edvel tirar pessoas de situa\u00e7\u00f5es de vulnerabilidade e melhorar o Brasil como um todo\u201d, complementou.<\/p>\n\n\n\n<p><strong>Como participar<br><\/strong>O empreendedor deve acessar o hotsite da MPE Week at\u00e9 o dia 13 de outubro para cadastrar a empresa e incluir ofertas e promo\u00e7\u00f5es de seus produtos e servi\u00e7os na plataforma digital do Banco do Brasil.<\/p>\n\n\n\n<p>Nas duas semanas seguintes, o p\u00fablico em geral, incluindo os mais de 80 milh\u00f5es de clientes do banco, ser\u00e3o conectados com essas ofertas por meio de abordagens em canais pr\u00f3prios do banco (exclusivo para clientes) nas redes sociais, na internet e em site parceiros.<\/p>\n\n\n\n<p>Os consumidores que clicarem nas abordagens ser\u00e3o direcionados para o site <a href=\"https:\/\/www.mpeweek.bb.com.br\">https:\/\/www.mpeweek.bb.com.br<\/a>, onde poder\u00e3o encontrar todas as ofertas cadastradas.<\/p>\n\n\n\n<p><strong>Sobre o UP Marketing Digital<br><\/strong>A <a href=\"https:\/\/sebrae.com.br\/sites\/PortalSebrae\/updigital\" data-type=\"link\" data-id=\"https:\/\/sebrae.com.br\/sites\/PortalSebrae\/updigital\">UP Digital<\/a> \u00e9 uma jornada on-line do Sebrae que tem o objetivo de orientar os donos de micro e pequenas empresas, inclusive microempreendedores individuais (MEI), durante o processo de expans\u00e3o da presen\u00e7a digital dos neg\u00f3cios. A a\u00e7\u00e3o tamb\u00e9m \u00e9 gratuita, composta por capacita\u00e7\u00f5es on-line sobre marketing digital, mentorias para aplica\u00e7\u00e3o de ferramentas na pr\u00e1tica e troca de experi\u00eancias com outros participantes. As vagas s\u00e3o limitadas.<\/p>\n","protected":false},"excerpt":{"rendered":"<p>Iniciativa do Banco do Brasil foi lan\u00e7ada nesta quarta-feira (4). A\u00e7\u00e3o permite que empresas cadastrem ofertas e promo\u00e7\u00f5es, com possibilidade de alcan\u00e7ar os 80 milh\u00f5es de clientes do banco.<\/p>\n","protected":false},"author":11,"featured_media":21199,"comment_status":"closed","ping_status":"open","sticky":false,"template":"","format":"standard","meta":{"footnotes":""},"categories":[26],"tags":[341,317,1241,352,1247,289],"class_list":["post-21197","post","type-post","status-publish","format-standard","has-post-thumbnail","hentry","category-negocios-e-economia","tag-economia","tag-empreendedorismo","tag-micro-e-pequenos-empreendedores","tag-mpe","tag-mpe-week-2023","tag-sebrae"],"_links":{"self":[{"href":"https:\/\/cndl.org.br\/varejosa\/wp-json\/wp\/v2\/posts\/21197","targetHints":{"allow":["GET"]}}],"collection":[{"href":"https:\/\/cndl.org.br\/varejosa\/wp-json\/wp\/v2\/posts"}],"about":[{"href":"https:\/\/cndl.org.br\/varejosa\/wp-json\/wp\/v2\/types\/post"}],"author":[{"embeddable":true,"href":"https:\/\/cndl.org.br\/varejosa\/wp-json\/wp\/v2\/users\/11"}],"replies":[{"embeddable":true,"href":"https:\/\/cndl.org.br\/varejosa\/wp-json\/wp\/v2\/comments?post=21197"}],"version-history":[{"count":0,"href":"https:\/\/cndl.org.br\/varejosa\/wp-json\/wp\/v2\/posts\/21197\/revisions"}],"wp:featuredmedia":[{"embeddable":true,"href":"https:\/\/cndl.org.br\/varejosa\/wp-json\/wp\/v2\/media\/21199"}],"wp:attachment":[{"href":"https:\/\/cndl.org.br\/varejosa\/wp-json\/wp\/v2\/media?parent=21197"}],"wp:term":[{"taxonomy":"category","embeddable":true,"href":"https:\/\/cndl.org.br\/varejosa\/wp-json\/wp\/v2\/categories?post=21197"},{"taxonomy":"post_tag","embeddable":true,"href":"https:\/\/cndl.org.br\/varejosa\/wp-json\/wp\/v2\/tags?post=21197"}],"curies":[{"name":"wp","href":"https:\/\/api.w.org\/{rel}","templated":true}]}}