{"id":21340,"date":"2023-10-17T18:47:18","date_gmt":"2023-10-17T21:47:18","guid":{"rendered":"https:\/\/cndl.org.br\/varejosasa\/?p=21340"},"modified":"2024-01-19T09:56:10","modified_gmt":"2024-01-19T12:56:10","slug":"brasilia-recebe-o-vi-fnc-na-proxima-semana","status":"publish","type":"post","link":"https:\/\/cndl.org.br\/varejosa\/brasilia-recebe-o-vi-fnc-na-proxima-semana\/","title":{"rendered":"Bras\u00edlia recebe o VI FNC na pr\u00f3xima semana"},"content":{"rendered":"\n<p><em>O evento promovido pela CNDL aborda o papel do setor de Com\u00e9rcio e Servi\u00e7os no desenvolvimento do Brasil<\/em><\/p>\n\n\n\n<p>As lideran\u00e7as do Sistema CNDL (Confedera\u00e7\u00e3o Nacional de Dirigentes Lojistas) se re\u00fanem, na pr\u00f3xima semana, com os principais representantes do poder p\u00fablico nacional para debater oportunidades e propostas visando o desenvolvimento cont\u00ednuo do setor de Com\u00e9rcio e Servi\u00e7os e da economia brasileira. Participam do VI FNC (F\u00f3rum Nacional do Com\u00e9rcio), que ocorre nos dias 24 e 25 de outubro, em Bras\u00edlia (DF), no Royal Tulip Bras\u00edlia Alvorada.<\/p>\n\n\n\n<p>O FNC \u00e9 realizado pela CNDL desde 2013 e este ano completa uma d\u00e9cada discutindo melhorias para o setor e promovendo di\u00e1logos entre o segmento empresarial e os representantes dos tr\u00eas poderes. O evento destaca a relev\u00e2ncia do setor de Com\u00e9rcio e Servi\u00e7os para o desenvolvimento dos brasileiros e da economia nacional.<\/p>\n\n\n\n<p>\u201cO VI F\u00f3rum Nacional do Com\u00e9rcio mant\u00e9m a tradi\u00e7\u00e3o de unir setores estrat\u00e9gicos do poder p\u00fablico e do mundo empresarial para discutir o que h\u00e1 de mais avan\u00e7ado na \u00e1rea de gest\u00e3o, tecnologia e finan\u00e7as. Ao longo de dois dias, os participantes do evento poder\u00e3o acompanhar o encontro das for\u00e7as que regem e inovam o Com\u00e9rcio com os principais formuladores de pol\u00edticas p\u00fablicas do pa\u00eds\u201d, afirma o presidente da CNDL, Jos\u00e9 C\u00e9sar da Costa.<\/p>\n\n\n\n<p>O setor de Com\u00e9rcio e Servi\u00e7os responde por 73% do PIB (Produto Interno Bruto), o equivalente a R$ 4,137 trilh\u00f5es, e \u00e9 respons\u00e1vel por 77% das empresas ativas, gerando 57% dos postos de trabalho.<\/p>\n\n\n\n<p>Nesta edi\u00e7\u00e3o, participam dos pain\u00e9is e debates o senador Efraim Filho (Uni\u00e3o-PB); os deputados Domingos S\u00e1vio (PL-MG) e Helder Salom\u00e3o (PT-ES); o governador do Rio Grande do Sul, Eduardo Leite; o presidente do Sebrae Nacional, D\u00e9cio Lima; e o presidente da Febraban, Isaac Sidney. Al\u00e9m desses, foram convidados o vice-presidente da Rep\u00fablica, Geraldo Alckmin; e os presidentes do Senado, Rodrigo Pacheco (PSC-MG), e da C\u00e2mara dos Deputados, Arthur Lira; os ministros do Desenvolvimento Social, Wellington Dias (PT-PI), da Fazenda, Fernando Haddad, e do Trabalho, Luiz Marinho (PT-SP).<\/p>\n\n\n\n<p>O evento tamb\u00e9m promover\u00e1 palestras com especialistas, que abordar\u00e3o temas atuais e com impacto para o setor, como economia, reforma tribut\u00e1ria e gest\u00e3o p\u00fablica.<\/p>\n\n\n\n<p>O VI FNC ocorre presencialmente na capital federal, mas a CNDL realizar\u00e1 transmiss\u00e3o online e ao vivo do evento para que todo os integrantes do Sistema CNDL possam acompanhar os debates sobre o futuro do Varejo e da economia brasileira. Para assistir, \u00e9 preciso se inscrever .<\/p>\n\n\n\n<p>Confira a programa\u00e7\u00e3o completa abaixo:<\/p>\n\n\n\n<p><strong>PROGRAMA\u00c7\u00c3O<\/strong><br \/><strong>Ter\u00e7a, 24\/10<\/strong><br \/>14h30 \u2013 Uma an\u00e1lise do contexto pol\u00edtico e econ\u00f4mico brasileiro<br \/>15h15 \u2013 Os desafios das Micro e Pequenas empresas<br \/>16h30 \u2013 Gest\u00e3o P\u00fablica x Gest\u00e3o Privada: Diferen\u00e7as e Desafios<\/p>\n\n\n\n<p><strong>Quarta, 25\/10<\/strong><br \/>9h \u2013 O Panorama das reformas e seus impactos<br \/>9h45 \u2013 O cen\u00e1rio do setor de Com\u00e9rcio e Servi\u00e7os<br \/>14h \u2013 Cr\u00e9dito e financiamento como indutores do desenvolvimento<br \/>16h \u2013 Pol\u00edticas P\u00fablicas essenciais para o crescimento econ\u00f4mico e social<\/p>\n\n\n\n<p><strong>SERVI\u00c7O<\/strong><br \/>O que: VI F\u00f3rum Nacional do Com\u00e9rcio<br \/>Quando: dias 24 e 25 de outubro<br \/>Onde: hotel Royal Tulip Alvorada, em Bras\u00edlia (DF)<br \/>Site: <a rel=\"noreferrer noopener\" href=\"https:\/\/cndl.org.br\/forum\/2023\/\" target=\"_blank\">https:\/\/cndl.org.br\/forum\/2023\/<\/a><br \/>Inscri\u00e7\u00e3o para as transmiss\u00f5es online: <\/p>\n\n\n\n<p><em>Edi\u00e7\u00e3o: Fernanda Peregrino<br \/>Arte: Jos\u00e9 Henrique Vieira<\/em><\/p>\n","protected":false},"excerpt":{"rendered":"<p>O evento promovido pela CNDL aborda o papel do setor de Com\u00e9rcio e Servi\u00e7os no desenvolvimento do Brasil.<\/p>\n","protected":false},"author":6,"featured_media":21343,"comment_status":"closed","ping_status":"open","sticky":false,"template":"","format":"standard","meta":{"footnotes":""},"categories":[1371],"tags":[247,2695,2474,663,249],"class_list":["post-21340","post","type-post","status-publish","format-standard","has-post-thumbnail","hentry","category-noticias-cndl","tag-comercio","tag-fnc","tag-fnc-2023","tag-forum-nacional-do-comercio","tag-varejo"],"_links":{"self":[{"href":"https:\/\/cndl.org.br\/varejosa\/wp-json\/wp\/v2\/posts\/21340","targetHints":{"allow":["GET"]}}],"collection":[{"href":"https:\/\/cndl.org.br\/varejosa\/wp-json\/wp\/v2\/posts"}],"about":[{"href":"https:\/\/cndl.org.br\/varejosa\/wp-json\/wp\/v2\/types\/post"}],"author":[{"embeddable":true,"href":"https:\/\/cndl.org.br\/varejosa\/wp-json\/wp\/v2\/users\/6"}],"replies":[{"embeddable":true,"href":"https:\/\/cndl.org.br\/varejosa\/wp-json\/wp\/v2\/comments?post=21340"}],"version-history":[{"count":0,"href":"https:\/\/cndl.org.br\/varejosa\/wp-json\/wp\/v2\/posts\/21340\/revisions"}],"wp:featuredmedia":[{"embeddable":true,"href":"https:\/\/cndl.org.br\/varejosa\/wp-json\/wp\/v2\/media\/21343"}],"wp:attachment":[{"href":"https:\/\/cndl.org.br\/varejosa\/wp-json\/wp\/v2\/media?parent=21340"}],"wp:term":[{"taxonomy":"category","embeddable":true,"href":"https:\/\/cndl.org.br\/varejosa\/wp-json\/wp\/v2\/categories?post=21340"},{"taxonomy":"post_tag","embeddable":true,"href":"https:\/\/cndl.org.br\/varejosa\/wp-json\/wp\/v2\/tags?post=21340"}],"curies":[{"name":"wp","href":"https:\/\/api.w.org\/{rel}","templated":true}]}}