{"id":21367,"date":"2023-10-19T16:52:08","date_gmt":"2023-10-19T19:52:08","guid":{"rendered":"https:\/\/cndl.org.br\/varejosa\/?p=21367"},"modified":"2024-05-14T14:34:33","modified_gmt":"2024-05-14T17:34:33","slug":"como-a-gestao-publica-impacta-o-ambiente-de-negocios","status":"publish","type":"post","link":"https:\/\/cndl.org.br\/varejosa\/como-a-gestao-publica-impacta-o-ambiente-de-negocios\/","title":{"rendered":"Como a gest\u00e3o p\u00fablica impacta o ambiente de neg\u00f3cios?"},"content":{"rendered":"\n<p><em>Renata Vilhena, professora da FDC, fala sobre o papel das pol\u00edticas p\u00fablicas no fortalecimento do ambiente de neg\u00f3cios e a import\u00e2ncia de entidades representativas dos setores produtivos atuarem, junto \u00e0s autoridades p\u00fablicas<\/em><\/p>\n\n\n\n<p>A principal miss\u00e3o da gest\u00e3o p\u00fablica \u00e9 beneficiar a sociedade brasileira, por meio do gerenciamento de institui\u00e7\u00f5es, servi\u00e7os e do patrim\u00f4nio p\u00fablico. A meta \u00e9, portanto, atender a popula\u00e7\u00e3o, empregando os recursos p\u00fablicos e naturais de maneira eficiente, a fim de melhorar o ambiente de neg\u00f3cios, gerar riqueza no pa\u00eds e promover a equidade entre as pessoas e a sustentabilidade.<\/p>\n\n\n\n<p>Com tamanha responsabilidade em um cen\u00e1rio de constante transforma\u00e7\u00e3o, o trabalho dos gestores p\u00fablicos demanda muita aten\u00e7\u00e3o e efici\u00eancia, al\u00e9m da busca por inovar os modelos de gest\u00e3o. Para isso, \u00e9 preciso coletar de dados com o objetivo de mapear a demanda da popula\u00e7\u00e3o e, posteriormente, verificar se as pol\u00edticas p\u00fablicas, bem como os servi\u00e7os p\u00fablicos, est\u00e3o funcionando ou n\u00e3o.<\/p>\n\n\n<div class=\"wp-block-image\">\n<figure class=\"alignright size-full is-resized\"><img loading=\"lazy\" decoding=\"async\" width=\"1000\" height=\"1000\" src=\"https:\/\/cndl.org.br\/varejosa\/wp-content\/uploads\/2023\/10\/Renata-Vilhena-Mar2023-6-1.jpg\" alt=\"\" class=\"wp-image-21368\" style=\"aspect-ratio:1;width:313px;height:auto\" srcset=\"https:\/\/cndl.org.br\/varejosa\/wp-content\/uploads\/2023\/10\/Renata-Vilhena-Mar2023-6-1.jpg 1000w, https:\/\/cndl.org.br\/varejosa\/wp-content\/uploads\/2023\/10\/Renata-Vilhena-Mar2023-6-1-300x300.jpg 300w, https:\/\/cndl.org.br\/varejosa\/wp-content\/uploads\/2023\/10\/Renata-Vilhena-Mar2023-6-1-150x150.jpg 150w, https:\/\/cndl.org.br\/varejosa\/wp-content\/uploads\/2023\/10\/Renata-Vilhena-Mar2023-6-1-768x768.jpg 768w, https:\/\/cndl.org.br\/varejosa\/wp-content\/uploads\/2023\/10\/Renata-Vilhena-Mar2023-6-1-550x550.jpg 550w, https:\/\/cndl.org.br\/varejosa\/wp-content\/uploads\/2023\/10\/Renata-Vilhena-Mar2023-6-1-600x600.jpg 600w, https:\/\/cndl.org.br\/varejosa\/wp-content\/uploads\/2023\/10\/Renata-Vilhena-Mar2023-6-1-500x500.jpg 500w\" sizes=\"auto, (max-width: 1000px) 100vw, 1000px\" \/><figcaption class=\"wp-element-caption\"><em><strong>Renata Vilhena:<\/strong> &#8220;As pol\u00edticas e servi\u00e7os p\u00fablicos precisam resolver as necessidades dos nossos usu\u00e1rios, levando em considera\u00e7\u00e3o todas essas etapas que est\u00e3o no ciclo de inova\u00e7\u00e3o&#8221;<\/em><br><em>Foto: arquivo pessoal<\/em><\/figcaption><\/figure>\n<\/div>\n\n\n<p>\u201cA partir do momento que a gente tem dado coletados \u2013 e que s\u00e3o transparentes \u2013, principalmente, indicadores, fica muito mais evidente a necessidade de continuar com alguma pol\u00edtica p\u00fablica ou de criar outra. Isso \u00e9 muito importante porque vivemos ciclos de 4 anos\u201d, fala Renata Vilhena, especialista em Gest\u00e3o P\u00fablica e professora associada da FDC (Funda\u00e7\u00e3o Dom Cabral).<br>.<br>Segundo a especialista, o gestor n\u00e3o pode esquecer que o trabalho \u00e9 direcionado para o cidad\u00e3o, ent\u00e3o, as resolu\u00e7\u00f5es devem solucionar as necessidades e demandas dele.<\/p>\n\n\n\n<p>\u201cO cidad\u00e3o \u00e9 o nosso foco, o destinat\u00e1rio da pol\u00edtica p\u00fablica e de tudo aquilo que a gente realiza. Ent\u00e3o, cada vez mais as pol\u00edticas e servi\u00e7os p\u00fablicos precisam resolver as necessidades dos nossos usu\u00e1rios, levando em considera\u00e7\u00e3o todas essas etapas que est\u00e3o no ciclo de inova\u00e7\u00e3o\u201d, explica a professora da FDC.<\/p>\n\n\n\n<p>A gest\u00e3o p\u00fablica impacta tamb\u00e9m no ambiente de neg\u00f3cios. Pol\u00edticas e servi\u00e7os p\u00fablicos podem proporcionar oportunidades e condi\u00e7\u00f5es para os cidad\u00e3os empreenderem e gerarem emprego e renda, colaborando para o desenvolvimento do pa\u00eds.<\/p>\n\n\n\n<p>Renata Vilhena diz que a m\u00e1quina p\u00fablica deve olhar e escutar todos os setores que demandam melhores condi\u00e7\u00f5es, criando uma via de di\u00e1logo com os diferentes setores, especialmente, o empresarial.<\/p>\n\n\n\n<p>\u201cO governo precisa de trazer mais, para dentro, o empres\u00e1rio. Utilizar mais esse processo de experi\u00eancia do usu\u00e1rio para que a gente n\u00e3o erre naquilo que estamos formulando. Ouvir quem representa melhor aquele setor\u2019, afirma a docente.<\/p>\n\n\n\n<p>A especialista em gest\u00e3o p\u00fablica \u00e9 a convidada do epis\u00f3dio #105 do Varejo S.A. Podcast, que foi ao ar nesta quarta-feira (18). E discutiu o impacto das pol\u00edticas p\u00fablicas no ambiente de neg\u00f3cios e a import\u00e2ncia de entidades representativas dos setores produtivos atuarem, junto \u00e0s autoridades p\u00fablicas, em defesa da agenda de seu segmento.<\/p>\n\n\n\n<p>Ou\u00e7a o programa:<\/p>\n\n\n\n<figure class=\"wp-block-embed is-type-rich is-provider-spotify wp-block-embed-spotify wp-embed-aspect-21-9 wp-has-aspect-ratio\"><div class=\"wp-block-embed__wrapper\">\n<iframe title=\"Spotify Embed: #105: Como a gest\u00e3o p\u00fablica impacta o ambiente de neg\u00f3cios, com Renata Vilhena\" style=\"border-radius: 12px\" width=\"100%\" height=\"152\" frameborder=\"0\" allowfullscreen allow=\"autoplay; clipboard-write; encrypted-media; fullscreen; picture-in-picture\" loading=\"lazy\" src=\"https:\/\/open.spotify.com\/embed\/episode\/5GbaV2UMkOQeH1JJyRDE4N?si=tzYWArimROexKXmrpNXOow&#038;utm_source=oembed\"><\/iframe>\n<\/div><\/figure>\n\n\n\n<p><strong>F\u00f3rum Nacional do Com\u00e9rcio<\/strong><br>O Sistema CNDL, por meio da CNDL (Confedera\u00e7\u00e3o Nacional dos Dirigente Lojistas), as FCDLs (Federa\u00e7\u00f5es das C\u00e2maras de Dirigentes Lojistas) e as CDLs (C\u00e2maras de Dirigentes Lojistas), tem um papel fundamental para promover e defender o setor de Com\u00e9rcio e Servi\u00e7os, junto aos poderes p\u00fablicos, seja em n\u00edvel nacional, estadual e municipal. \u00c9 um trabalho cont\u00ednuo de contribuir para a cria\u00e7\u00e3o de leis e programas que beneficiem o empreendedorismo e a gera\u00e7\u00e3o de emprego e renda no pa\u00eds, bem como de apontar para as autoridades as medidas e legisla\u00e7\u00f5es que podem prejudicar os empreendimentos.<\/p>\n\n\n\n<p>Por isso, a CNDL realiza o <a href=\"https:\/\/cndl.org.br\/forum\/2023\/\" data-type=\"link\" data-id=\"https:\/\/cndl.org.br\/forum\/2023\/\" target=\"_blank\" rel=\"noreferrer noopener\">VI FNC<\/a> (F\u00f3rum Nacional do Com\u00e9rcio), <a href=\"https:\/\/cndl.org.br\/varejosa\/brasilia-recebe-o-vi-fnc-na-proxima-semana\/\" data-type=\"link\" data-id=\"https:\/\/cndl.org.br\/varejosa\/brasilia-recebe-o-vi-fnc-na-proxima-semana\/\" target=\"_blank\" rel=\"noreferrer noopener\">na pr\u00f3xima ter\u00e7a-feira (24) e quarta-feira (25), em Bras\u00edlia (DF)<\/a>. O evento re\u00fane, desde 2013, as lideran\u00e7as do Sistema CNDL com os principais representantes do poder p\u00fablico nacional, para debater oportunidades e propostas visando o desenvolvimento cont\u00ednuo do setor de Com\u00e9rcio e Servi\u00e7os e da economia brasileira. O F\u00f3rum, que ocorre de maneira presencial e h\u00edbrida, destaca a relev\u00e2ncia do setor de Com\u00e9rcio e Servi\u00e7os para o desenvolvimento dos brasileiros e da economia nacional.<\/p>\n\n\n\n<p>A FDC estar\u00e1 presente no evento para tratar as pol\u00edticas p\u00fablicas como propulsora do desenvolvimento socioecon\u00f4mico do pa\u00eds. As inscri\u00e7\u00f5es presenciais est\u00e3o encerradas, mas ainda \u00e9 poss\u00edvel participar do evento de maneira remota. Cadastre-se em <a href=\"https:\/\/bit.ly\/3LLDZTh\" target=\"_blank\" rel=\"noreferrer noopener\">https:\/\/bit.ly\/3LLDZTh<\/a>.<\/p>\n\n\n\n<p><em>Com colabora\u00e7\u00e3o e edi\u00e7\u00e3o de Fernanda Peregrino.<\/em><\/p>\n","protected":false},"excerpt":{"rendered":"<p>Renata Vilhena, professora da FDC, fala sobre o papel das pol\u00edticas p\u00fablicas no fortalecimento do ambiente de neg\u00f3cios e a import\u00e2ncia de entidades representativas dos setores produtivos atuarem, junto \u00e0s autoridades p\u00fablicas.<\/p>\n","protected":false},"author":6,"featured_media":21369,"comment_status":"closed","ping_status":"open","sticky":false,"template":"","format":"standard","meta":{"footnotes":""},"categories":[5288],"tags":[247,341,317,2695,2474,663,3423,249,1259],"class_list":["post-21367","post","type-post","status-publish","format-standard","has-post-thumbnail","hentry","category-podcast","tag-comercio","tag-economia","tag-empreendedorismo","tag-fnc","tag-fnc-2023","tag-forum-nacional-do-comercio","tag-politicas-publicas","tag-varejo","tag-vi-fnc"],"_links":{"self":[{"href":"https:\/\/cndl.org.br\/varejosa\/wp-json\/wp\/v2\/posts\/21367","targetHints":{"allow":["GET"]}}],"collection":[{"href":"https:\/\/cndl.org.br\/varejosa\/wp-json\/wp\/v2\/posts"}],"about":[{"href":"https:\/\/cndl.org.br\/varejosa\/wp-json\/wp\/v2\/types\/post"}],"author":[{"embeddable":true,"href":"https:\/\/cndl.org.br\/varejosa\/wp-json\/wp\/v2\/users\/6"}],"replies":[{"embeddable":true,"href":"https:\/\/cndl.org.br\/varejosa\/wp-json\/wp\/v2\/comments?post=21367"}],"version-history":[{"count":0,"href":"https:\/\/cndl.org.br\/varejosa\/wp-json\/wp\/v2\/posts\/21367\/revisions"}],"wp:featuredmedia":[{"embeddable":true,"href":"https:\/\/cndl.org.br\/varejosa\/wp-json\/wp\/v2\/media\/21369"}],"wp:attachment":[{"href":"https:\/\/cndl.org.br\/varejosa\/wp-json\/wp\/v2\/media?parent=21367"}],"wp:term":[{"taxonomy":"category","embeddable":true,"href":"https:\/\/cndl.org.br\/varejosa\/wp-json\/wp\/v2\/categories?post=21367"},{"taxonomy":"post_tag","embeddable":true,"href":"https:\/\/cndl.org.br\/varejosa\/wp-json\/wp\/v2\/tags?post=21367"}],"curies":[{"name":"wp","href":"https:\/\/api.w.org\/{rel}","templated":true}]}}