{"id":21518,"date":"2023-11-07T11:49:27","date_gmt":"2023-11-07T14:49:27","guid":{"rendered":"https:\/\/cndl.org.br\/varejosasa\/?p=21518"},"modified":"2024-01-18T17:43:14","modified_gmt":"2024-01-18T20:43:14","slug":"15-dos-pequenos-comercios-pretendem-contratar-nos-proximos-tres-meses","status":"publish","type":"post","link":"https:\/\/cndl.org.br\/varejosa\/15-dos-pequenos-comercios-pretendem-contratar-nos-proximos-tres-meses\/","title":{"rendered":"15% dos pequenos com\u00e9rcios pretendem contratar nos pr\u00f3ximos tr\u00eas meses"},"content":{"rendered":"\n<p>Na expectativa pelas vendas de Black Friday, Natal e Ano Novo, a empres\u00e1ria Eleni Costa j\u00e1 correu \u00e0 frente e abriu processo seletivo para contratar mais dois novos funcion\u00e1rios para a sua loja de cal\u00e7ados, localizada no shopping JK, em Taguatinga, no Distrito Federal. A expectativa da comerciante, que come\u00e7ou como sacoleira e h\u00e1 oito anos tem um ponto f\u00edsico, \u00e9 de que o faturamento seja 30% maior em compara\u00e7\u00e3o ao ano passado.<\/p>\n\n\n\n<p>\u201cTemos quatro funcion\u00e1rios atualmente e espero que, neste fim de ano, melhore o faturamento. A Black Friday e o Natal s\u00e3o duas datas que nos deixam bem confiantes, mas que nos anos anteriores ficaram bem abaixo do que esper\u00e1vamos. Tenho f\u00e9 que vai dar certo desta vez\u201d, prev\u00ea a empres\u00e1ria.<\/p>\n\n\n\n<p>Assim como a Eleni Costa, cerca de 15% dos empres\u00e1rios do Com\u00e9rcio entrevistados em setembro esperam contratar mais funcion\u00e1rios at\u00e9 o fim do ano \u2013 o valor \u00e9 1,4% superior ao registrado em agosto deste ano. As informa\u00e7\u00f5es s\u00e3o do boletim mensal Sondagem Econ\u00f4mica MPE, conduzido pelo Sebrae em parceria com a Funda\u00e7\u00e3o Getulio Vargas (FGV).<\/p>\n\n\n\n<p>O dado caminha junto ao \u00cdndice de Confian\u00e7a das Micros e Pequenas Empresas (IC-MPE), que mostrou que a confian\u00e7a dos empres\u00e1rios no terceiro trimestre deste ano superou em 3,5 pontos a marca registrada na m\u00e9dia dos tr\u00eas meses anteriores. A confian\u00e7a em dias melhores dos donos de pequenos neg\u00f3cios vem acompanhada da redu\u00e7\u00e3o da infla\u00e7\u00e3o, aliada \u00e0 melhora do mercado de trabalho, as pol\u00edticas de mitiga\u00e7\u00e3o do risco fiscal e de a\u00e7\u00f5es de redu\u00e7\u00e3o do endividamento dos consumidores.<\/p>\n\n\n\n<p>&#8220;S\u00e3o sinais concretos de melhora da economia. O PIB tem previs\u00e3o de crescimento de 3,1%, a proje\u00e7\u00e3o para a infla\u00e7\u00e3o recuou de 4,75% para 4,65%, a taxa de desocupa\u00e7\u00e3o caiu para 7,8%. Al\u00e9m da tend\u00eancia de queda nas taxas de juros e a gera\u00e7\u00e3o de empregos em alta. Com mais vagas neste fim de ano, h\u00e1 um cen\u00e1rio ainda mais otimista para os empres\u00e1rios e para a popula\u00e7\u00e3o, em geral, que se beneficia com mais dinheiro circulando&#8221;, D\u00e9cio Lima, presidente do Sebrae.<\/p>\n\n\n\n<p>Os dados da Sondagem dos Pequenos Neg\u00f3cios apontaram ainda que caiu o n\u00famero de empres\u00e1rios que pretendem reduzir o n\u00famero de funcion\u00e1rios \u2013 passou de 8,8%, em agosto, para 8,1%, em setembro.<\/p>\n","protected":false},"excerpt":{"rendered":"<p>Na expectativa pelas vendas de Black Friday, Natal e Ano Novo, a empres\u00e1ria Eleni Costa j\u00e1 correu \u00e0 frente e abriu processo seletivo para contratar mais dois novos funcion\u00e1rios para a sua loja de cal\u00e7ados, localizada no shopping JK, em Taguatinga, no Distrito Federal. A expectativa da comerciante, que come\u00e7ou como sacoleira e h\u00e1 oito anos tem um ponto f\u00edsico, \u00e9 de que o faturamento seja 30% maior em compara\u00e7\u00e3o ao ano passado.<\/p>\n","protected":false},"author":11,"featured_media":21519,"comment_status":"closed","ping_status":"open","sticky":false,"template":"","format":"standard","meta":{"footnotes":""},"categories":[1836],"tags":[247,2152,341,317,578,289,249],"class_list":["post-21518","post","type-post","status-publish","format-standard","has-post-thumbnail","hentry","category-marketing-e-vendas","tag-comercio","tag-contratacao-de-final-de-ano","tag-economia","tag-empreendedorismo","tag-pmes","tag-sebrae","tag-varejo"],"_links":{"self":[{"href":"https:\/\/cndl.org.br\/varejosa\/wp-json\/wp\/v2\/posts\/21518","targetHints":{"allow":["GET"]}}],"collection":[{"href":"https:\/\/cndl.org.br\/varejosa\/wp-json\/wp\/v2\/posts"}],"about":[{"href":"https:\/\/cndl.org.br\/varejosa\/wp-json\/wp\/v2\/types\/post"}],"author":[{"embeddable":true,"href":"https:\/\/cndl.org.br\/varejosa\/wp-json\/wp\/v2\/users\/11"}],"replies":[{"embeddable":true,"href":"https:\/\/cndl.org.br\/varejosa\/wp-json\/wp\/v2\/comments?post=21518"}],"version-history":[{"count":0,"href":"https:\/\/cndl.org.br\/varejosa\/wp-json\/wp\/v2\/posts\/21518\/revisions"}],"wp:featuredmedia":[{"embeddable":true,"href":"https:\/\/cndl.org.br\/varejosa\/wp-json\/wp\/v2\/media\/21519"}],"wp:attachment":[{"href":"https:\/\/cndl.org.br\/varejosa\/wp-json\/wp\/v2\/media?parent=21518"}],"wp:term":[{"taxonomy":"category","embeddable":true,"href":"https:\/\/cndl.org.br\/varejosa\/wp-json\/wp\/v2\/categories?post=21518"},{"taxonomy":"post_tag","embeddable":true,"href":"https:\/\/cndl.org.br\/varejosa\/wp-json\/wp\/v2\/tags?post=21518"}],"curies":[{"name":"wp","href":"https:\/\/api.w.org\/{rel}","templated":true}]}}