{"id":21535,"date":"2023-11-06T10:46:32","date_gmt":"2023-11-06T13:46:32","guid":{"rendered":"https:\/\/cndl.org.br\/varejosa\/?p=21535"},"modified":"2024-05-14T14:34:32","modified_gmt":"2024-05-14T17:34:32","slug":"empreendedorismo-que-transforma-vidas","status":"publish","type":"post","link":"https:\/\/cndl.org.br\/varejosa\/empreendedorismo-que-transforma-vidas\/","title":{"rendered":"Empreendedorismo que transforma vidas"},"content":{"rendered":"\n<p><em>Conhe\u00e7a a hist\u00f3ria de Maz\u00e9 Lima, empreendedora mineira que transformou os ensinamentos de sua m\u00e3e em um neg\u00f3cio lucrativo e gera emprego e renda em sua cidade<\/em><\/p>\n\n\n\n<p>Maz\u00e9 Lima, dona da Maz\u00e9 Doces Artesanais, hoje possui uma vida confort\u00e1vel e um imp\u00e9rio a\u00e7ucarado, constru\u00eddo com muita dedica\u00e7\u00e3o, supera\u00e7\u00e3o, mas acima de tudo, com muito amor. Mas nem sempre foi assim. A empres\u00e1ria s\u00f3 deu a grande virada ap\u00f3s a vida lhe tirar um pouco o ch\u00e3o. Depois do nascimento do seu segundo filho, a ent\u00e3o faxineira foi despedida e se viu em uma situa\u00e7\u00e3o dif\u00edcil. Foi ent\u00e3o que Maz\u00e9 respondeu a um grande chamado: empreender.<\/p>\n\n\n\n<p>A empres\u00e1ria cresceu na ro\u00e7a, e l\u00e1, aprendeu com sua m\u00e3e v\u00e1rios trabalhos e desenvolveu talentos que fizeram toda a diferen\u00e7a quando precisou achar uma forma de ganhar dinheiro para sustentar a fam\u00edlia. Se quando jovem odiava fazer doces, foi justamente esse dom que transformou a vida de Maz\u00e9 e sua fam\u00edlia.<\/p>\n\n\n\n<p>\u201cA minha m\u00e3e sempre me moveu para o mundo dos neg\u00f3cios, mas s\u00f3 fui perceber mais tarde. O gosto por neg\u00f3cios come\u00e7ou na minha inf\u00e2ncia. A minha m\u00e3e, uma mulher muito \u00e0 frente do seu tempo, j\u00e1 fazia micro neg\u00f3cios: costurava roupas e colocava a gente (os filhos) para vender; plantava alho, farinha, polvilho, e l\u00e1 \u00edamos n\u00f3s vender. Isso, para mim, j\u00e1 era empreender, mesmo desde muito nova\u201d, comenta.<\/p>\n\n\n\n<p>A hist\u00f3ria contada no epis\u00f3dio desta semana da Varejo S.A Podcast \u00e9 inspiradora e n\u00e3o t\u00e3o distante da realidade. Segundo uma pesquisa realizada pelo Sebrae, utilizando como base os dados do IBGE (Instituto Brasileiro de Geografia e Estat\u00edstica) da PNADC (Pesquisa Nacional por amostra de Domic\u00edlios Cont\u00ednua), no ano de 2022, o Brasil alcan\u00e7ou uma marca in\u00e9dita de mulheres empreendedoras.<\/p>\n\n\n\n<p>As empreendedoras respondem por 34,4% dos empreendimentos brasileiros. Isso representa mais de 30 milh\u00f5es de mulheres a frente de neg\u00f3cios por todo Brasil.<\/p>\n\n\n<div class=\"wp-block-image\">\n<figure class=\"aligncenter size-large\"><img loading=\"lazy\" decoding=\"async\" width=\"1024\" height=\"683\" src=\"https:\/\/cndl.org.br\/varejosa\/wp-content\/uploads\/2023\/11\/Maze-Lima-1-1024x683.jpg\" alt=\"\" class=\"wp-image-21536\" srcset=\"https:\/\/cndl.org.br\/varejosa\/wp-content\/uploads\/2023\/11\/Maze-Lima-1-1024x683.jpg 1024w, https:\/\/cndl.org.br\/varejosa\/wp-content\/uploads\/2023\/11\/Maze-Lima-1-300x200.jpg 300w, https:\/\/cndl.org.br\/varejosa\/wp-content\/uploads\/2023\/11\/Maze-Lima-1-768x513.jpg 768w, https:\/\/cndl.org.br\/varejosa\/wp-content\/uploads\/2023\/11\/Maze-Lima-1-600x400.jpg 600w, https:\/\/cndl.org.br\/varejosa\/wp-content\/uploads\/2023\/11\/Maze-Lima-1.jpg 1500w\" sizes=\"auto, (max-width: 1024px) 100vw, 1024px\" \/><figcaption class=\"wp-element-caption\"><em>Maz\u00e9 passou a produzir doces, em casa, quando perdeu o emprego; hoje, tem uma f\u00e1brica que vende para o pa\u00eds todo<\/em><\/figcaption><\/figure>\n<\/div>\n\n\n<p><strong>Mulheres que suportam mulheres<\/strong><br>A Maz\u00e9 Lima \u00e9 de Carm\u00f3polis de Minas (MG), e PNADC, o estado possui a maior propor\u00e7\u00e3o de empregadoras mulheres, com 18%. Para a empres\u00e1ria, gerar empregos \u00e9 uma miss\u00e3o e \u201co maior projeto social que uma pessoa pode realizar\u201d. Ap\u00f3s receber v\u00e1rios \u201cn\u00e3os\u201d, fez uma promessa de que criaria o pr\u00f3prio emprego, mas tamb\u00e9m iria gerar muitos empregos para a sua cidade.<\/p>\n\n\n\n<p>\u201cEmpreendedorismo \u00e9 via de m\u00e3o dupla. Se fosse uma via de m\u00e3o \u00fanica, n\u00e3o funcionaria. Eu gosto muito de contratar meninas e mulheres que vem do meio rural e dom\u00e9stico, e eu me sinto muito honrada de poder ter a oportunidade de oferecer uma profiss\u00e3o e conhecimento para elas\u201d, afirmou Maz\u00e9 Lima, em bate-papo com a equipe da CNDL (Confedera\u00e7\u00e3o Nacional de Dirigentes Lojistas).<\/p>\n\n\n\n<p>No dia 8 de mar\u00e7o deste ano, a C\u00e2mara dos Deputados aprovou uma proposta que criou o Programa de Cr\u00e9dito da Mulher. O projeto de lei (PL) seguiu para o Senado. A relatora do PL, a senadora Dorinha Seabra (Uni\u00e3o-TO) fala sobre a import\u00e2ncia da aprova\u00e7\u00e3o da medida e pontuou em n\u00fameros a for\u00e7a do empreendedorismo feminino.<\/p>\n\n\n\n<p>\u201cSegundo estudo realizado pela Rede Mulher Empreendedora em 2022, 55% das mulheres empres\u00e1rias tinham dificuldade em conseguir cr\u00e9dito, ao passo que, ao se considerar homens e mulheres na amostra, apenas 33% tinham essa dificuldade. O projeto diminui as desigualdades no acesso ao cr\u00e9dito e promove o empoderamento feminino. \u00c9 merit\u00f3rio incentivar o crescimento de empresas conduzidas por mulheres, pois elas contratam proporcionalmente mais mulheres que os empres\u00e1rios homens. \u00c9 ben\u00e9fico para a inser\u00e7\u00e3o feminina no mercado de trabalho\u201d, disse a parlamentar para a Ag\u00eancia Senado.<\/p>\n\n\n\n<p>O Sebrae possui um programa voltado para as mulheres empreendedoras, por meio do qual as auxilia na jornada empreendedora. Chama-se <a href=\"https:\/\/sebrae.com.br\/sites\/PortalSebrae\/empreendedorismofeminino\/\" data-type=\"link\" data-id=\"https:\/\/sebrae.com.br\/sites\/PortalSebrae\/empreendedorismofeminino\/\" target=\"_blank\" rel=\"noreferrer noopener\">Sebrae Delas<\/a> . A CNDL tamb\u00e9m possui um projeto que visa dar voz e buscar melhores condi\u00e7\u00f5es para as mulheres empreenderem, o Mulheres que Constroem o Varejo. Entre as a\u00e7\u00f5es da iniciativa, a entidade tem produzido conte\u00fado para empoderar estas empres\u00e1rias na gest\u00e3o do neg\u00f3cio, com cartilhas, epis\u00f3dios de podcast e mat\u00e9rias sobre empreendedorismo feminino.<\/p>\n\n\n\n<p>Maz\u00e9 lembra que as mulheres nunca devem deixar de acreditar em si mesmas e buscar conhecimento pode enfrentar a jornada e os desafios do empreendedorismo, que n\u00e3o \u00e9 f\u00e1cil, mas que \u00e9 poss\u00edvel.<\/p>\n\n\n\n<p>\u201cA coisa mais importante que eu aprendi e que sempre que eu posso eu falo, \u00e9 acreditar em n\u00f3s mesmas e procurar informa\u00e7\u00e3o sobre aquilo que voc\u00ea quer fazer. Conhecimento \u00e9 poder e ajuda muito, mas nunca deixe de acreditar em voc\u00ea e no seu potencial. Jamais d\u00ea ouvidos aos ru\u00eddos, pois sempre v\u00e3o nos dizer que n\u00e3o somos capazes, mas n\u00f3s somos, e acreditar nisso e trabalhar para o sucesso, a gente conquista isso\u201d, ensinou no epis\u00f3dio #106 do Varejo S.A. Podcast.<\/p>\n\n\n\n<p>Para escutar essa hist\u00f3ria incr\u00edvel de for\u00e7a e inspira\u00e7\u00e3o, \u00e9 s\u00f3 clicar no play do tocador abaixo:<\/p>\n\n\n\n<figure class=\"wp-block-embed is-type-rich is-provider-spotify wp-block-embed-spotify wp-embed-aspect-21-9 wp-has-aspect-ratio\"><div class=\"wp-block-embed__wrapper\">\n<iframe title=\"Spotify Embed: #106: De faxineira a empres\u00e1ria, como o empreendedorismo transforma vidas, com Maria Jos\u00e9 Lima\" style=\"border-radius: 12px\" width=\"100%\" height=\"152\" frameborder=\"0\" allowfullscreen allow=\"autoplay; clipboard-write; encrypted-media; fullscreen; picture-in-picture\" loading=\"lazy\" src=\"https:\/\/open.spotify.com\/embed\/episode\/6Lz0NnjeFsqkAiGF0kUWKx?si=53474a531fa44992&#038;utm_source=oembed\"><\/iframe>\n<\/div><\/figure>\n\n\n\n<p><em>Esta mat\u00e9ria usou dados retirados da <a rel=\"noreferrer noopener\" href=\"https:\/\/agenciasebrae.com.br\/dados\/infografico-n-de-donas-de-negocios-chega-ao-recorde-de-103-milhoes\/\" data-type=\"link\" data-id=\"https:\/\/agenciasebrae.com.br\/dados\/infografico-n-de-donas-de-negocios-chega-ao-recorde-de-103-milhoes\/\" target=\"_blank\">ASN<\/a>, <a rel=\"noreferrer noopener\" href=\"https:\/\/agenciasebrae.com.br\/cultura-empreendedora\/brasil-alcanca-marca-historica-de-mulheres-a-frente-de-empreendimentos\/\" data-type=\"link\" data-id=\"https:\/\/agenciasebrae.com.br\/cultura-empreendedora\/brasil-alcanca-marca-historica-de-mulheres-a-frente-de-empreendimentos\/\" target=\"_blank\">MDIC<\/a> e <a rel=\"noreferrer noopener\" href=\"https:\/\/www12.senado.leg.br\/noticias\/materias\/2023\/08\/01\/vai-a-ccj-projeto-que-facilita-credito-a-mulheres-empreendedoras\" data-type=\"link\" data-id=\"https:\/\/www12.senado.leg.br\/noticias\/materias\/2023\/08\/01\/vai-a-ccj-projeto-que-facilita-credito-a-mulheres-empreendedoras\" target=\"_blank\">Ag\u00eancia Senado<\/a>.<\/em><\/p>\n\n\n\n<p><em>Edi\u00e7\u00e3o: Fernanda Peregrino<\/em><br><em>Fotos: divulga\u00e7\u00e3o\/Maz\u00e9 Doces<\/em><\/p>\n","protected":false},"excerpt":{"rendered":"<p>Conhe\u00e7a a hist\u00f3ria de Maz\u00e9 Lima, empreendedora mineira que transformou os ensinamentos de sua m\u00e3e em um neg\u00f3cio lucrativo e gera emprego e renda em sua cidade.<\/p>\n","protected":false},"author":6,"featured_media":21538,"comment_status":"closed","ping_status":"open","sticky":false,"template":"","format":"standard","meta":{"footnotes":""},"categories":[5288],"tags":[247,317,1063,5305,5306,249,250],"class_list":["post-21535","post","type-post","status-publish","format-standard","has-post-thumbnail","hentry","category-podcast","tag-comercio","tag-empreendedorismo","tag-empreendedorismo-feminino","tag-maze-doces-artesanais","tag-maze-lima","tag-varejo","tag-vendas"],"_links":{"self":[{"href":"https:\/\/cndl.org.br\/varejosa\/wp-json\/wp\/v2\/posts\/21535","targetHints":{"allow":["GET"]}}],"collection":[{"href":"https:\/\/cndl.org.br\/varejosa\/wp-json\/wp\/v2\/posts"}],"about":[{"href":"https:\/\/cndl.org.br\/varejosa\/wp-json\/wp\/v2\/types\/post"}],"author":[{"embeddable":true,"href":"https:\/\/cndl.org.br\/varejosa\/wp-json\/wp\/v2\/users\/6"}],"replies":[{"embeddable":true,"href":"https:\/\/cndl.org.br\/varejosa\/wp-json\/wp\/v2\/comments?post=21535"}],"version-history":[{"count":0,"href":"https:\/\/cndl.org.br\/varejosa\/wp-json\/wp\/v2\/posts\/21535\/revisions"}],"wp:featuredmedia":[{"embeddable":true,"href":"https:\/\/cndl.org.br\/varejosa\/wp-json\/wp\/v2\/media\/21538"}],"wp:attachment":[{"href":"https:\/\/cndl.org.br\/varejosa\/wp-json\/wp\/v2\/media?parent=21535"}],"wp:term":[{"taxonomy":"category","embeddable":true,"href":"https:\/\/cndl.org.br\/varejosa\/wp-json\/wp\/v2\/categories?post=21535"},{"taxonomy":"post_tag","embeddable":true,"href":"https:\/\/cndl.org.br\/varejosa\/wp-json\/wp\/v2\/tags?post=21535"}],"curies":[{"name":"wp","href":"https:\/\/api.w.org\/{rel}","templated":true}]}}