{"id":21554,"date":"2023-11-08T05:50:00","date_gmt":"2023-11-08T08:50:00","guid":{"rendered":"https:\/\/cndl.org.br\/varejosasa\/?p=21554"},"modified":"2024-02-04T14:53:03","modified_gmt":"2024-02-04T17:53:03","slug":"mcti-e-sebrae-lancam-mapa-de-incubadoras-e-aceleradoras-de-empresas","status":"publish","type":"post","link":"https:\/\/cndl.org.br\/varejosa\/mcti-e-sebrae-lancam-mapa-de-incubadoras-e-aceleradoras-de-empresas\/","title":{"rendered":"MCTI e Sebrae lan\u00e7am mapa de incubadoras e aceleradoras de empresas"},"content":{"rendered":"\n<p>A partir desta semana, o cidad\u00e3o ter\u00e1 acesso f\u00e1cil a informa\u00e7\u00f5es sobre aceleradoras e incubadoras de empresas no pa\u00eds.<\/p>\n\n\n\n<p>O Minist\u00e9rio da Ci\u00eancia, Tecnologia e Inova\u00e7\u00e3o (MCTI), o Servi\u00e7o Brasileiro de Apoio \u00e0s Micro e Pequenas Empresas (Sebrae) e a Universidade Federal de Vi\u00e7osa (UFV) lan\u00e7am a plataforma InovaLink, durante confer\u00eancia do Sebrae e a Associa\u00e7\u00e3o Nacional de Entidades Promotoras de Empreendimentos Inovadores (Anprotec).<\/p>\n\n\n\n<p>A Confer\u00eancia Anprotec de Empreendedorismo e Ambientes de Inova\u00e7\u00e3o ocorre em Bras\u00edlia, de segunda (6) a quinta-feira (9). Segundo a Anprotec, a plataforma surgir\u00e1 como uma ferramenta crucial para fortalecer o sistema de start-ups e de empresas inovadoras no Brasil, fornecendo dados valiosos para empreendedores, investidores e formuladores de pol\u00edticas p\u00fablicas.<\/p>\n\n\n\n<p>Neste ano, a confer\u00eancia abordar\u00e1 o tema \u201cInova\u00e7\u00e3o e sociedade: tecnologias emergentes e a transforma\u00e7\u00e3o do empreendedorismo\u201d. Al\u00e9m do lan\u00e7amento do InovaLink, est\u00e3o programadas cerca de 25 atividades, incluindo pain\u00e9is, debates, F\u00f3rum Sebrae de Inova\u00e7\u00e3o, rodas de conversa de empreendedorismo, eventos sociais, apresenta\u00e7\u00e3o de trabalhos e visitas t\u00e9cnicas, entre outros eventos.<\/p>\n\n\n\n<p>Especialistas e nomes do sistema de inova\u00e7\u00e3o e de empreendedorismo em todo o pa\u00eds vir\u00e3o ao evento. A programa\u00e7\u00e3o inclui atividades de fomento ao empreendedorismo liderado por mulheres e por ind\u00edgenas. Tamb\u00e9m haver\u00e1 palestras voltadas a iniciativas inovadoras nas \u00e1reas de organiza\u00e7\u00f5es n\u00e3o-governamentais e socioambientais. O secret\u00e1rio de Desenvolvimento Tecnol\u00f3gico e Inova\u00e7\u00e3o do MCTI, Guila Calheiros, deve comparecer ao encontro.<\/p>\n\n\n\n<p>Com 36 anos de exist\u00eancia, a Anprotec re\u00fane uma rede diversificada de mais de 350 associados, incluindo incubadoras, aceleradoras, parques tecnol\u00f3gicos, coworkings, hubs de inova\u00e7\u00e3o, institui\u00e7\u00f5es de ensino e pesquisa, \u00f3rg\u00e3os p\u00fablicos e outras entidades ligadas ao empreendedorismo e \u00e0 inova\u00e7\u00e3o. Segundo a entidade, nas 32 edi\u00e7\u00f5es anteriores, a confer\u00eancia atraiu mais de 16 mil participantes.<\/p>\n\n\n\n<p>Mais informa\u00e7\u00f5es sobre o evento, inscri\u00e7\u00f5es e programa\u00e7\u00e3o podem ser obtidas no <a href=\"https:\/\/anprotec.org.br\/conferencia2023\/\" data-type=\"link\" data-id=\"https:\/\/anprotec.org.br\/conferencia2023\/\">site oficial<\/a> da confer\u00eancia.<\/p>\n","protected":false},"excerpt":{"rendered":"<p>O Minist\u00e9rio da Ci\u00eancia, Tecnologia e Inova\u00e7\u00e3o (MCTI), o Servi\u00e7o Brasileiro de Apoio \u00e0s Micro e Pequenas Empresas (Sebrae) e a Universidade Federal de Vi\u00e7osa (UFV) lan\u00e7am a plataforma InovaLink, durante confer\u00eancia do Sebrae e a Associa\u00e7\u00e3o Nacional de Entidades Promotoras de Empreendimentos Inovadores (Anprotec).<\/p>\n","protected":false},"author":9,"featured_media":21555,"comment_status":"closed","ping_status":"open","sticky":false,"template":"","format":"standard","meta":{"footnotes":""},"categories":[51],"tags":[1774,317,1775,1776,289,1777],"class_list":["post-21554","post","type-post","status-publish","format-standard","has-post-thumbnail","hentry","category-inovacao","tag-anprotec","tag-empreendedorismo","tag-incubadoras-e-aceleradoras-de-empresas","tag-mcti","tag-sebrae","tag-ufv"],"_links":{"self":[{"href":"https:\/\/cndl.org.br\/varejosa\/wp-json\/wp\/v2\/posts\/21554","targetHints":{"allow":["GET"]}}],"collection":[{"href":"https:\/\/cndl.org.br\/varejosa\/wp-json\/wp\/v2\/posts"}],"about":[{"href":"https:\/\/cndl.org.br\/varejosa\/wp-json\/wp\/v2\/types\/post"}],"author":[{"embeddable":true,"href":"https:\/\/cndl.org.br\/varejosa\/wp-json\/wp\/v2\/users\/9"}],"replies":[{"embeddable":true,"href":"https:\/\/cndl.org.br\/varejosa\/wp-json\/wp\/v2\/comments?post=21554"}],"version-history":[{"count":0,"href":"https:\/\/cndl.org.br\/varejosa\/wp-json\/wp\/v2\/posts\/21554\/revisions"}],"wp:featuredmedia":[{"embeddable":true,"href":"https:\/\/cndl.org.br\/varejosa\/wp-json\/wp\/v2\/media\/21555"}],"wp:attachment":[{"href":"https:\/\/cndl.org.br\/varejosa\/wp-json\/wp\/v2\/media?parent=21554"}],"wp:term":[{"taxonomy":"category","embeddable":true,"href":"https:\/\/cndl.org.br\/varejosa\/wp-json\/wp\/v2\/categories?post=21554"},{"taxonomy":"post_tag","embeddable":true,"href":"https:\/\/cndl.org.br\/varejosa\/wp-json\/wp\/v2\/tags?post=21554"}],"curies":[{"name":"wp","href":"https:\/\/api.w.org\/{rel}","templated":true}]}}