{"id":21698,"date":"2023-11-20T16:47:26","date_gmt":"2023-11-20T19:47:26","guid":{"rendered":"https:\/\/cndl.org.br\/varejosasa\/?p=21698"},"modified":"2024-01-18T17:43:14","modified_gmt":"2024-01-18T20:43:14","slug":"o-empreendedorismo-que-liberta-e-transforma-a-vida-de-mulheres","status":"publish","type":"post","link":"https:\/\/cndl.org.br\/varejosa\/o-empreendedorismo-que-liberta-e-transforma-a-vida-de-mulheres\/","title":{"rendered":"O empreendedorismo que liberta e transforma a vida de mulheres"},"content":{"rendered":"\n<p>O desejo de ter o pr\u00f3prio neg\u00f3cio e ser \u201cchefe\u201d de si mesmo faz parte do sonho de milhares de pessoas no Brasil. No entanto, os motivos que levam homens e mulheres a empreender podem ser muito diferentes. Quando uma mulher decide abrir a pr\u00f3pria empresa, isso muitas vezes n\u00e3o acontece por uma oportunidade de neg\u00f3cio no mercado, mas sim por uma imposi\u00e7\u00e3o que, al\u00e9m de financeira, pode estar relacionada \u00e0 necessidade de transforma\u00e7\u00e3o pessoal e liberta\u00e7\u00e3o de situa\u00e7\u00f5es de viol\u00eancia. E, antes que algu\u00e9m insista, n\u00e3o h\u00e1 nada de invis\u00edvel nessa realidade!<\/p>\n\n\n\n<p>No Brasil o n\u00famero de casos de viol\u00eancia contra a mulher n\u00e3o para de crescer. Estudo da Rede de Observat\u00f3rio da Seguran\u00e7a, realizado em sete estados (em 2022), aponta que uma mulher \u00e9 v\u00edtima de viol\u00eancia, em m\u00e9dia, a cada quatro horas no pa\u00eds. A maior parte dos registros tem como autor companheiros e ex-companheiros das v\u00edtimas.<\/p>\n\n\n\n<p>O empreendedorismo, por outro lado, tem se revelado como uma alternativa de vida para essas mulheres. Ao ser dona do seu pr\u00f3prio dinheiro, a mulher d\u00e1 os primeiros passos em uma nova dire\u00e7\u00e3o, com mais for\u00e7a para lutar contra rela\u00e7\u00f5es t\u00f3xicas.<\/p>\n\n\n\n<p>Os dados da 6\u00aa Pesquisa Anual sobre Empreendedorismo Feminino no Brasil, produzida pelo Instituto RME e o Instituto Locomotiva, mostrou que 48% das entrevistadas conseguiram terminar relacionamentos abusivos ao passarem a empreender. O estudo, com dados de 2021, mostrou ainda que 72% das mulheres que atuam no empreendedorismo se dizem total ou parcialmente independentes financeiramente e 81% concordam que empreendedoras t\u00eam mais autonomia na vida e, por isso, s\u00e3o mais independentes em suas rela\u00e7\u00f5es conjugais.<\/p>\n\n\n\n<p>Ainda que o debate sobre a \u201ceconomia do cuidado\u201d e a divis\u00e3o de tarefas tenha crescido na sociedade, a disparidade de pap\u00e9is ainda \u00e9 gritante. Na pesquisa \u201cEmpreendedorismo Feminino\u201d, divulgada recentemente pelo Sebrae, as mulheres que empreendem dedicam 3,1 horas aos cuidados familiares e 2,9 horas em afazeres dom\u00e9sticos por dia, enquanto os homens gastam 1,6h e 1,5h, respectivamente, com essas atividades. 76% das empreendedoras se sentem mais sobrecarregadas em rela\u00e7\u00e3o \u00e0 dupla jornada de trabalho, j\u00e1 entre os homens esse percentual \u00e9 de 55%. E na hora de deixar de fazer algo para si ou para a empresa para cuidar dos filhos, de idosos e parentes, 61% das mulheres reconhecem que j\u00e1 passaram por essas situa\u00e7\u00f5es, contra 48% dos homens.<\/p>\n\n\n\n<p>No caso de mulheres v\u00edtimas de viol\u00eancia, os desafios se tornam ainda mais complexos. Quando essa mulher decide buscar sua independ\u00eancia financeira, ela carrega consigo uma \u201cbagagem\u201d muito mais pesada. Al\u00e9m da inseguran\u00e7a, natural para quem se lan\u00e7a em uma nova atividade, elas precisam enfrentar o sofrimento, o sentimento de impot\u00eancia, a autossabotagem e a culpa. Come\u00e7ar a jornada empreendedora para essas mulheres requer um resgate de si mesmas, curar feridas e se fortalecer.<\/p>\n\n\n\n<p>Desde 2020, o programa Sebrae Delas tem incentivado, valorizado e acelerado neg\u00f3cios comandados por mulheres em todo o pa\u00eds. Por ano, em torno de 100 mil empreendedoras s\u00e3o alcan\u00e7adas pelas a\u00e7\u00f5es dessa iniciativa exclusiva, com cursos, capacita\u00e7\u00f5es em diversos temas relacionados ao mundo dos neg\u00f3cios, al\u00e9m de mentorias especializadas para o desenvolvimento de habilidades socioemocionais, como lideran\u00e7a, comunica\u00e7\u00e3o assertiva, negocia\u00e7\u00e3o, entre outras. N\u00e3o por acaso, outro diferencial do programa \u00e9 a cria\u00e7\u00e3o de uma rede de apoio que acolhe, encoraja e promove conex\u00f5es entre mulheres, propiciando um ambiente de fortalecimento individual e coletivo, compartilhamento de viv\u00eancias, forma\u00e7\u00e3o de parcerias e networking.<\/p>\n\n\n\n<p>Tornar essa luta vis\u00edvel \u00e9 uma causa de todos n\u00f3s, brasileiras e brasileiros! Precisamos avan\u00e7ar de forma mais c\u00e9lere na solu\u00e7\u00e3o do grave problema da viol\u00eancia de g\u00eanero que atinge as mulheres, filhos e fam\u00edlias nos quatro cantos do pa\u00eds. Nesse sentido, \u00e9 urgente trabalharmos para fortalecer as pol\u00edticas p\u00fablicas que estimulam e apoiam o empreendedorismo feminino, assegurando as condi\u00e7\u00f5es necess\u00e1rias para que as empreendedoras possam competir em igualdade de oportunidades. Essa mudan\u00e7a passa por mudan\u00e7as estruturais na economia, no nosso marco legal e principalmente na cultura da nossa sociedade ainda fortemente marcada pela marca vergonhosa do machismo.<\/p>\n","protected":false},"excerpt":{"rendered":"<p>A diretora Margarete Coelho, diretora de Administra\u00e7\u00e3o e Finan\u00e7as do Sebrae, assina artigo sobre a import\u00e2ncia de fortalecer pol\u00edticas p\u00fablicas em favor do empreendedorismo feminino.<\/p>\n","protected":false},"author":11,"featured_media":21699,"comment_status":"closed","ping_status":"open","sticky":false,"template":"","format":"standard","meta":{"footnotes":""},"categories":[1836],"tags":[2175,1063,621,289],"class_list":["post-21698","post","type-post","status-publish","format-standard","has-post-thumbnail","hentry","category-marketing-e-vendas","tag-economia-do-cuidado","tag-empreendedorismo-feminino","tag-mulheres-empreendedoras","tag-sebrae"],"_links":{"self":[{"href":"https:\/\/cndl.org.br\/varejosa\/wp-json\/wp\/v2\/posts\/21698","targetHints":{"allow":["GET"]}}],"collection":[{"href":"https:\/\/cndl.org.br\/varejosa\/wp-json\/wp\/v2\/posts"}],"about":[{"href":"https:\/\/cndl.org.br\/varejosa\/wp-json\/wp\/v2\/types\/post"}],"author":[{"embeddable":true,"href":"https:\/\/cndl.org.br\/varejosa\/wp-json\/wp\/v2\/users\/11"}],"replies":[{"embeddable":true,"href":"https:\/\/cndl.org.br\/varejosa\/wp-json\/wp\/v2\/comments?post=21698"}],"version-history":[{"count":0,"href":"https:\/\/cndl.org.br\/varejosa\/wp-json\/wp\/v2\/posts\/21698\/revisions"}],"wp:featuredmedia":[{"embeddable":true,"href":"https:\/\/cndl.org.br\/varejosa\/wp-json\/wp\/v2\/media\/21699"}],"wp:attachment":[{"href":"https:\/\/cndl.org.br\/varejosa\/wp-json\/wp\/v2\/media?parent=21698"}],"wp:term":[{"taxonomy":"category","embeddable":true,"href":"https:\/\/cndl.org.br\/varejosa\/wp-json\/wp\/v2\/categories?post=21698"},{"taxonomy":"post_tag","embeddable":true,"href":"https:\/\/cndl.org.br\/varejosa\/wp-json\/wp\/v2\/tags?post=21698"}],"curies":[{"name":"wp","href":"https:\/\/api.w.org\/{rel}","templated":true}]}}