{"id":21868,"date":"2023-12-04T15:44:49","date_gmt":"2023-12-04T18:44:49","guid":{"rendered":"https:\/\/cndl.org.br\/varejosasa\/?p=21868"},"modified":"2024-02-04T17:32:38","modified_gmt":"2024-02-04T20:32:38","slug":"23-milhoes-de-consumidores-devem-usar-13o-salario-para-compras-de-presentes-de-natal","status":"publish","type":"post","link":"https:\/\/cndl.org.br\/varejosa\/23-milhoes-de-consumidores-devem-usar-13o-salario-para-compras-de-presentes-de-natal\/","title":{"rendered":"23 milh\u00f5es de consumidores devem usar 13\u00ba sal\u00e1rio para compras de presentes de Natal"},"content":{"rendered":"\n<p><em>29% afirmam que v\u00e3o economizar o dinheiro; 56% dos entrevistados pretendem fazer algum \u201cbico\u201d para aumentar a renda e comprar mais presentes<\/em><\/p>\n\n\n\n<p>O pagamento do 13\u00ba sal\u00e1rio \u00e9 sempre aguardado com grande expectativa pelos trabalhadores. O dinheiro extra pode ajudar tanto no pagamento de d\u00edvidas, quanto nas compras para as comemora\u00e7\u00f5es de Natal e R\u00e9veillon. Uma pesquisa feita em todas as capitais pela CNDL (Confedera\u00e7\u00e3o Nacional de Dirigentes Lojistas) e pelo SPC Brasil (Servi\u00e7o de Prote\u00e7\u00e3o ao Cr\u00e9dito) em parceria com a Offerwise, mostra que neste ano, 33% dos trabalhadores que t\u00eam direito ao d\u00e9cimo terceiro pretendem comprar presentes de Natal, o que representa aproximadamente 23 milh\u00f5es de consumidores.<\/p>\n\n\n\n<p>J\u00e1 29% pretendem economizar, poupar ou investir, 25% gastar nas comemora\u00e7\u00f5es de Natal ou Ano Novo e 21% pagar d\u00edvidas em atraso.<\/p>\n\n\n\n<p>Na avalia\u00e7\u00e3o do presidente da CNDL, Jos\u00e9 C\u00e9sar da Costa, a prioridade deve ser o pagamento de d\u00edvidas antes do consumidor ir \u00e0s compras.<\/p>\n\n\n\n<p>\u201c\u00c9 importante o trabalhador ficar atento aos gastos e priorizar o pagamento de d\u00edvidas. A entrada do 13\u00ba sal\u00e1rio \u00e9 a oportunidade de colocar as contas em dia e fechar o ano com o or\u00e7amento organizado\u201d, afirma Costa.<\/p>\n\n\n\n<p>O presidente da CNDL alerta que \u00e9 importante considerar os gastos que costumam aparecer no come\u00e7o do ano, como o IPTU, os materiais escolares e o IPVA, por exemplo.<\/p>\n\n\n\n<p>\u201cAl\u00e9m do pagamento de d\u00edvidas, \u00e9 o momento do trabalhador se organizar para os gastos extras. O in\u00edcio do ano \u00e9 sempre o momento de pagamento de impostos e de taxas, como matr\u00edcula, e tamb\u00e9m compra de material escolar, por exemplo. Uma reserva extra deve ser organizada para n\u00e3o ser pego de surpresa e j\u00e1 iniciar o ano endividado\u201d, alerta Jos\u00e9 C\u00e9sar da Costa.<\/p>\n\n\n\n<p><strong>56% dos entrevistados pretendem recorrer a bicos para aumentar a renda e gastar mais no Natal<\/strong><br>A pesquisa ainda mostra que 56% dos entrevistados pretendem fazer bicos para comprar mais presentes para o Natal, principalmente os das classes C, D e E (62%). De acordo com o levantamento, aproximadamente 68,8 milh\u00f5es de consumidores far\u00e3o atividades extras para consumir mais no Natal.<\/p>\n\n\n\n<p>\u201cA abertura de vagas tempor\u00e1rias no final do ano \u00e9 sempre uma oportunidade para quem pretende aumentar a renda ou buscar uma oportunidade no mercado de trabalho. O brasileiro tem a tradi\u00e7\u00e3o de comemorar e comprar presentes nesta \u00e9poca, por isso a renda extra \u00e9 uma excelente oportunidade para n\u00e3o ficar no vermelho\u201d, orienta Costa.<\/p>\n","protected":false},"excerpt":{"rendered":"<p>29% afirmam que v\u00e3o economizar o dinheiro; 56% dos entrevistados pretendem fazer algum \u201cbico\u201d para aumentar a renda e comprar mais presentes.<\/p>\n","protected":false},"author":10,"featured_media":23931,"comment_status":"closed","ping_status":"open","sticky":false,"template":"","format":"standard","meta":{"footnotes":""},"categories":[2277],"tags":[354,247,2314,341,317,300,249,250],"class_list":["post-21868","post","type-post","status-publish","format-standard","has-post-thumbnail","hentry","category-pesquisa","tag-13o-salario","tag-comercio","tag-compras-de-fim-de-ano","tag-economia","tag-empreendedorismo","tag-natal","tag-varejo","tag-vendas"],"_links":{"self":[{"href":"https:\/\/cndl.org.br\/varejosa\/wp-json\/wp\/v2\/posts\/21868","targetHints":{"allow":["GET"]}}],"collection":[{"href":"https:\/\/cndl.org.br\/varejosa\/wp-json\/wp\/v2\/posts"}],"about":[{"href":"https:\/\/cndl.org.br\/varejosa\/wp-json\/wp\/v2\/types\/post"}],"author":[{"embeddable":true,"href":"https:\/\/cndl.org.br\/varejosa\/wp-json\/wp\/v2\/users\/10"}],"replies":[{"embeddable":true,"href":"https:\/\/cndl.org.br\/varejosa\/wp-json\/wp\/v2\/comments?post=21868"}],"version-history":[{"count":0,"href":"https:\/\/cndl.org.br\/varejosa\/wp-json\/wp\/v2\/posts\/21868\/revisions"}],"wp:featuredmedia":[{"embeddable":true,"href":"https:\/\/cndl.org.br\/varejosa\/wp-json\/wp\/v2\/media\/23931"}],"wp:attachment":[{"href":"https:\/\/cndl.org.br\/varejosa\/wp-json\/wp\/v2\/media?parent=21868"}],"wp:term":[{"taxonomy":"category","embeddable":true,"href":"https:\/\/cndl.org.br\/varejosa\/wp-json\/wp\/v2\/categories?post=21868"},{"taxonomy":"post_tag","embeddable":true,"href":"https:\/\/cndl.org.br\/varejosa\/wp-json\/wp\/v2\/tags?post=21868"}],"curies":[{"name":"wp","href":"https:\/\/api.w.org\/{rel}","templated":true}]}}