{"id":24518,"date":"2024-01-26T15:57:44","date_gmt":"2024-01-26T18:57:44","guid":{"rendered":"https:\/\/cndl.org.br\/varejosa\/?p=22237"},"modified":"2026-01-29T10:18:47","modified_gmt":"2026-01-29T13:18:47","slug":"como-os-lojistas-podem-ajudar-no-combate-a-dengue","status":"publish","type":"post","link":"https:\/\/cndl.org.br\/varejosa\/como-os-lojistas-podem-ajudar-no-combate-a-dengue\/","title":{"rendered":"Como os lojistas podem ajudar no combate \u00e0 dengue"},"content":{"rendered":"\n<ul class=\"wp-block-list\">\n<li><em>Brasil tem 12 mortes e mais de 120 mil casos prov\u00e1veis; <\/em><\/li>\n\n\n\n<li><em>Saiba o que os lojistas podem fazer para combater o mosquito<\/em>.<\/li>\n<\/ul>\n\n\n\n<p>O Brasil registrou, nas tr\u00eas primeiras semanas de 2024, 12 mortes por dengue e 120.874 casos prov\u00e1veis da doen\u00e7a. No mesmo per\u00edodo do ano passado, foram contabilizados 26 \u00f3bitos e 44.753 casos prov\u00e1veis. Os dados foram divulgados ontem (25) pelo Minist\u00e9rio da Sa\u00fade. H\u00e1 ainda 85 \u00f3bitos em investiga\u00e7\u00e3o.<\/p>\n\n\n\n<p>\u201cVivemos um momento de grande preocupa\u00e7\u00e3o em rela\u00e7\u00e3o \u00e0 dengue\u201d, avaliou a ministra N\u00edsia Trindade.<\/p>\n\n\n\n<p>No Brasil, o mosquito Aedes aegypti, respons\u00e1vel pela transmiss\u00e3o da dengue, Zika e chikungunya, est\u00e1 presente em todo o territ\u00f3rio nacional. A dengue \u00e9 uma doen\u00e7a grave, mas que pode ser evitada com medidas simples. Jeferson de Andrade, pesquisador de Desenvolvimento de Produto e Mercado da BASF, destaca a import\u00e2ncia da colabora\u00e7\u00e3o da sociedade no combate ao mosquito.<\/p>\n\n\n\n<p>\u201cAs arboviroses, que s\u00e3o as doen\u00e7as causadas por v\u00edrus transmitidos principalmente por mosquitos, s\u00e3o c\u00edclicas, com aumentos e quedas no decorrer dos anos. O crescimento no n\u00famero de casos prov\u00e1veis pode apontar para um poss\u00edvel cen\u00e1rio epid\u00eamico. Por isso, medidas simples, como o uso de telas em portas e janelas, areia nos vasos de plantas e a manuten\u00e7\u00e3o de ambientes livres de entulhos, s\u00e3o cruciais\u201d, ensina Andrade.<\/p>\n\n\n\n<p>O pesquisador ainda destaca alguns pontos importantes sobre a reprodu\u00e7\u00e3o e os locais utilizados como criadouros do inseto.<\/p>\n\n\n\n<p>\u201cSabemos que os principais focos do mosquito ficam principalmente nas resid\u00eancias e arredores. O Aedes aegypti pode depositar seus ovos em qualquer tipo de recipiente, embalagens e at\u00e9 no lixo descartado incorretamente. Por isso, \u00e9 importante eliminar objetos com \u00e1gua parada independentemente da exposi\u00e7\u00e3o ao sol. As piscinas podem se tornar criadouros potenciais, por isso \u00e9 altamente recomendado que elas sejam esvaziadas quando n\u00e3o estiverem em uso, ou tratadas de forma adequada ap\u00f3s as chuvas\u201d, destaca o especialista da BASF.<\/p>\n\n\n\n<p>Jeferson de Andrade lembra ainda que \u201co controle do mosquito deve ser cont\u00ednuo, mesmo no inverno, porque os ovos podem sobreviver durante essa esta\u00e7\u00e3o e retomar o desenvolvimento na primavera. Eles possuem a capacidade de permanecerem ativos por at\u00e9 um ano, mesmo em \u00e1gua suja ou em ambientes secos.\u201d<\/p>\n\n\n<div class=\"wp-block-image\">\n<figure class=\"aligncenter size-full\"><img decoding=\"async\" src=\"https:\/\/cndl.org.br\/varejosa\/wp-content\/uploads\/2024\/01\/eliminar-criadouros_copy.jpg\" alt=\"\" class=\"wp-image-22238\"\/><figcaption class=\"wp-element-caption\"><em>A melhor forma de combater a dengue \u00e9 impedir a reprodu\u00e7\u00e3o do mosquito <br>Foto: Arte\/EBC<\/em><\/figcaption><\/figure>\n<\/div>\n\n\n<p class=\"has-white-color has-text-color has-background has-link-color wp-elements-3e3a99a3cb90e876ff1339ff3a4e8ed1\" style=\"background-color:#cf2d2dd6\"><strong>De portas abertas<\/strong><br>Os agentes comunit\u00e1rios de sa\u00fade est\u00e3o nas ruas de v\u00e1rias cidades brasileiras, fazendo vist\u00f3ria nas casas a fim de identificar e combater o nascimento de novos mosquitos da dengue. Em seu perfil no Instagram, o Governo Federal orientou que se um agente bater \u00e0 sua porta, n\u00e3o tenha medo, apenas receba-os. <br><br>&#8220;Com o aumento no n\u00fameros de casos de dengue no pa\u00eds, o trabalho dos agentes comunit\u00e1rios de sa\u00fade \u00e9 essencial para a preven\u00e7\u00e3o da doen\u00e7a. Preste aten\u00e7\u00e3o na identifica\u00e7\u00e3o e nas credenciais: os agentes de sa\u00fade devem apresentar crach\u00e1 com foto, nome completo, cargo, n\u00famero de registro da prefeitura e bras\u00e3o do munic\u00edpio, camiseta ou colete com a inscri\u00e7\u00e3o &#8216;Agente Comunit\u00e1rio de Sa\u00fade&#8217; e bras\u00e3o municipal&#8221;, divulgou na rede social.<\/p>\n\n\n\n<p><strong>Como os lojistas podem ajudar no combate \u00e0 dengue<\/strong><br>As lojas comerciais, com grande fluxo de pessoas, podem ser criadouros do mosquito se n\u00e3o forem tomadas medidas de preven\u00e7\u00e3o. Ao tomar medidas simples de preven\u00e7\u00e3o, os lojistas podem ajudar a proteger a sa\u00fade de seus clientes, funcion\u00e1rios e da comunidade em geral.<\/p>\n\n\n\n<p>Confira quatro a\u00e7\u00f5es simples que podem colaborar com o combate ao mosquito Aedes aegypti:<\/p>\n\n\n\n<p><strong>1. Elimina\u00e7\u00e3o de criadouros<\/strong><\/p>\n\n\n\n<ul class=\"wp-block-list\">\n<li>Retire a \u00e1gua parada de qualquer recipiente: vasos de plantas, calhas, pneus, garrafas etc;<\/li>\n\n\n\n<li>Mantenha as lixeiras tampadas;<\/li>\n\n\n\n<li>Fa\u00e7a a limpeza regular das calhas e lajes;<\/li>\n\n\n\n<li>Cubra caixas d&#8217;\u00e1gua e outros reservat\u00f3rios de \u00e1gua;<\/li>\n\n\n\n<li>Descarte materiais inserv\u00edveis que possam acumular \u00e1gua.<\/li>\n<\/ul>\n\n\n\n<p><\/p>\n\n\n\n<p><strong>2. Prote\u00e7\u00e3o contra picadas<\/strong><\/p>\n\n\n\n<ul class=\"wp-block-list\">\n<li>Instale telas de prote\u00e7\u00e3o nas janelas e portas;<\/li>\n\n\n\n<li>Ofere\u00e7a repelentes aos clientes e funcion\u00e1rios;<\/li>\n\n\n\n<li>Utilize roupas que cubram a maior parte do corpo.<\/li>\n<\/ul>\n\n\n\n<p><\/p>\n\n\n\n<p><strong>3. Conscientiza\u00e7\u00e3o<\/strong><\/p>\n\n\n\n<ul class=\"wp-block-list\">\n<li>Divulgue informa\u00e7\u00f5es sobre a dengue e como combat\u00ea-la;<\/li>\n\n\n\n<li>Oriente os funcion\u00e1rios sobre a import\u00e2ncia da preven\u00e7\u00e3o;<\/li>\n\n\n\n<li>Participe de campanhas de combate \u00e0 dengue.<\/li>\n<\/ul>\n\n\n\n<p><\/p>\n\n\n\n<p><strong>4. Outras medidas<\/strong><\/p>\n\n\n\n<ul class=\"wp-block-list\">\n<li>Realizar fumac\u00ea em \u00e1reas externas da loja;<\/li>\n\n\n\n<li>Contratar empresas especializadas em controle de vetores;<\/li>\n\n\n\n<li>Notificar as autoridades sanit\u00e1rias em caso de suspeita de dengue.<\/li>\n<\/ul>\n\n\n\n<p><\/p>\n\n\n\n<p class=\"has-white-color has-text-color has-background has-link-color wp-elements-86535e54a7d45693f3b62969129349b5\" style=\"background-color:#ff6a00de\"><strong>Vacina contra dengue disponibilizada no SUS<\/strong><br>O Brasil j\u00e1 recebeu a primeira remessa da Qdenga &#8212; com 750 mil doses &#8211;, vacina contra a dengue produzida pelo laborat\u00f3rio japon\u00eas Takeda que ser\u00e1 aplicada pelo SUS (Sistema P\u00fablico de Sa\u00fade). Apesar de j\u00e1 haver uma vacina contra a dengue aprovada para uso no pa\u00eds, a Qdenga ser\u00e1 a primeira oferecida gratuitamente no SUS.<br><br>As vacinas do primeiro lote ser\u00e3o destinadas para adolescentes de 10 a 14 anos que moram em cidades com mais de 100 mil habitantes. A defini\u00e7\u00e3o do p\u00fablico que receber\u00e1 as doses leva em conta taxas de transmiss\u00e3o.<br><br>Qdenga (TAK-003) \u00e9 um imunizante contra a dengue desenvolvido pelo laborat\u00f3rio japon\u00eas Takeda Pharma. A vacina cont\u00e9m v\u00edrus vivos atenuados da dengue. Por isso, ela induz respostas imunol\u00f3gicas contra os quatro sorotipos do v\u00edrus da dengue. O imunizante \u00e9 aplicado em um esquema de duas doses, com intervalo de tr\u00eas meses entre as aplica\u00e7\u00f5es.<br><br>O governo brasileiro adquiriu 5,2 milh\u00f5es de doses da vacina. Al\u00e9m disso, a fabricante forneceu ao Brasil, sem custos, outras 1,32 milh\u00e3o de doses. A estimativa do governo \u00e9 de que cerca de 3,2 milh\u00f5es de pessoas ser\u00e3o vacinadas em 2024.<\/p>\n\n\n\n<p><strong>Lembre-se: a preven\u00e7\u00e3o \u00e9 sempre o melhor rem\u00e9dio e a luta contra a dengue \u00e9 um compromisso de todos.<\/strong><\/p>\n\n\n\n<p><em>Com informa\u00e7\u00f5es da Ag\u00eancia Brasil.<\/em><\/p>\n","protected":false},"excerpt":{"rendered":"<p>Brasil tem 12 mortes e mais de 120 mil casos prov\u00e1veis; saiba o que os lojistas podem fazer para combater o mosquito.<\/p>\n","protected":false},"author":4,"featured_media":24487,"comment_status":"closed","ping_status":"open","sticky":false,"template":"","format":"standard","meta":{"footnotes":""},"categories":[5891],"tags":[2737,1488,2738,2739,2740],"class_list":["post-24518","post","type-post","status-publish","format-standard","has-post-thumbnail","hentry","category-empreendedorismo","tag-basf","tag-loja","tag-ministerio-da-saude","tag-mosquito-da-dengue","tag-saude-publica"],"_links":{"self":[{"href":"https:\/\/cndl.org.br\/varejosa\/wp-json\/wp\/v2\/posts\/24518","targetHints":{"allow":["GET"]}}],"collection":[{"href":"https:\/\/cndl.org.br\/varejosa\/wp-json\/wp\/v2\/posts"}],"about":[{"href":"https:\/\/cndl.org.br\/varejosa\/wp-json\/wp\/v2\/types\/post"}],"author":[{"embeddable":true,"href":"https:\/\/cndl.org.br\/varejosa\/wp-json\/wp\/v2\/users\/4"}],"replies":[{"embeddable":true,"href":"https:\/\/cndl.org.br\/varejosa\/wp-json\/wp\/v2\/comments?post=24518"}],"version-history":[{"count":0,"href":"https:\/\/cndl.org.br\/varejosa\/wp-json\/wp\/v2\/posts\/24518\/revisions"}],"wp:featuredmedia":[{"embeddable":true,"href":"https:\/\/cndl.org.br\/varejosa\/wp-json\/wp\/v2\/media\/24487"}],"wp:attachment":[{"href":"https:\/\/cndl.org.br\/varejosa\/wp-json\/wp\/v2\/media?parent=24518"}],"wp:term":[{"taxonomy":"category","embeddable":true,"href":"https:\/\/cndl.org.br\/varejosa\/wp-json\/wp\/v2\/categories?post=24518"},{"taxonomy":"post_tag","embeddable":true,"href":"https:\/\/cndl.org.br\/varejosa\/wp-json\/wp\/v2\/tags?post=24518"}],"curies":[{"name":"wp","href":"https:\/\/api.w.org\/{rel}","templated":true}]}}